{"id":6820,"date":"2020-05-07T11:26:52","date_gmt":"2020-05-07T09:26:52","guid":{"rendered":"https:\/\/acoustique-conseil.com\/materiaux-biosources-et-acoustiques-dans-la-region-centre-val-de-loire\/"},"modified":"2025-04-28T14:29:56","modified_gmt":"2025-04-28T12:29:56","slug":"materiaux-biosources-et-acoustiques-dans-la-region-centre-val-de-loire","status":"publish","type":"post","link":"https:\/\/acoustique-conseil.com\/en\/materiaux-biosources-et-acoustiques-dans-la-region-centre-val-de-loire\/","title":{"rendered":"Materiaux biosourc\u00e9s et acoustiques dans la r\u00e9gion Centre-Val de Loire"},"content":{"rendered":"[vc_row type=&#8221;in_container&#8221; full_screen_row_position=&#8221;middle&#8221; column_margin=&#8221;default&#8221; column_direction=&#8221;default&#8221; column_direction_tablet=&#8221;default&#8221; column_direction_phone=&#8221;default&#8221; scene_position=&#8221;center&#8221; text_color=&#8221;dark&#8221; text_align=&#8221;left&#8221; row_border_radius=&#8221;none&#8221; row_border_radius_applies=&#8221;bg&#8221; overflow=&#8221;visible&#8221; overlay_strength=&#8221;0.3&#8243; gradient_direction=&#8221;left_to_right&#8221; shape_divider_position=&#8221;bottom&#8221; bg_image_animation=&#8221;none&#8221;][vc_column column_padding=&#8221;no-extra-padding&#8221; column_padding_tablet=&#8221;inherit&#8221; column_padding_phone=&#8221;inherit&#8221; column_padding_position=&#8221;all&#8221; column_element_direction_desktop=&#8221;default&#8221; column_element_spacing=&#8221;default&#8221; desktop_text_alignment=&#8221;default&#8221; tablet_text_alignment=&#8221;default&#8221; phone_text_alignment=&#8221;default&#8221; background_color_opacity=&#8221;1&#8243; background_hover_color_opacity=&#8221;1&#8243; column_backdrop_filter=&#8221;none&#8221; column_shadow=&#8221;none&#8221; column_border_radius=&#8221;none&#8221; column_link_target=&#8221;_self&#8221; column_position=&#8221;default&#8221; gradient_direction=&#8221;left_to_right&#8221; overlay_strength=&#8221;0.3&#8243; width=&#8221;1\/1&#8243; tablet_width_inherit=&#8221;default&#8221; animation_type=&#8221;default&#8221; bg_image_animation=&#8221;none&#8221; border_type=&#8221;simple&#8221; column_border_width=&#8221;none&#8221; column_border_style=&#8221;solid&#8221;][vc_column_text css=&#8221;&#8221; text_direction=&#8221;default&#8221;]En r\u00e9gion Centre &#8211; Val de Loire, l\u2019antenne Acoustique &amp; Conseil de Tours (37) a int\u00e9gr\u00e9 les \u00e9quipes de Maitrise d\u2019\u0152uvre pour la r\u00e9alisation de trois projets \u00e0 forte orientation \u00e9cologique. Le p\u00f4le culturel et associatif de Courtenay (45) r\u00e9alis\u00e9 par l&#8217;agence B-A-Bo et l&#8217;atelier Desmichelle et inaugur\u00e9 en 2019 propose une structure bois (m\u00e9l\u00e8ze de Haute-Savoie et panneaux en bois des Vosges) et une isolation en paille (r\u00e9gion Centre &#8211; Val de Loire). Le futur si\u00e8ge social du groupe Loir&amp;Cher Logement \u2013 CoGeCo \u00e0 Blois (41), con\u00e7u par le cabinet CAU et l\u2019extension du lyc\u00e9e Maurice Genevoix d\u2019Ingr\u00e9 (45) con\u00e7ue par l\u2019agence Ivars &amp; Ballet proposeront des b\u00e2timents passifs eux aussi constitu\u00e9s en grande partie de mat\u00e9riaux biosourc\u00e9s (bois et paille) issus autant que possible de fili\u00e8res locales.<\/p>\n<p>M\u00eame avec ces prises de positions fortes en termes de choix de conception, les co\u00fbts et le confort acoustique des utilisateurs n\u2019ont absolument pas \u00e9t\u00e9 n\u00e9glig\u00e9s, bien au contraire.<\/p>\n<p><a href=\"http:\/\/www.ivars-ballet.com\/projet\/lyc%C3%A9e-maurice-genevoix-ingr%C3%A9-45%3Cbr%3E\" target=\"_blank\" rel=\"noopener\">http:\/\/www.ivars-ballet.com\/projet\/lyc%C3%A9e-maurice-genevoix-ingr%C3%A&#8230;<\/a>[\/vc_column_text][\/vc_column][\/vc_row][vc_row type=&#8221;in_container&#8221; full_screen_row_position=&#8221;middle&#8221; column_margin=&#8221;default&#8221; column_direction=&#8221;default&#8221; column_direction_tablet=&#8221;default&#8221; column_direction_phone=&#8221;default&#8221; scene_position=&#8221;center&#8221; text_color=&#8221;dark&#8221; text_align=&#8221;left&#8221; row_border_radius=&#8221;none&#8221; row_border_radius_applies=&#8221;bg&#8221; overflow=&#8221;visible&#8221; overlay_strength=&#8221;0.3&#8243; gradient_direction=&#8221;left_to_right&#8221; shape_divider_position=&#8221;bottom&#8221; bg_image_animation=&#8221;none&#8221;][vc_column column_padding=&#8221;no-extra-padding&#8221; column_padding_tablet=&#8221;inherit&#8221; column_padding_phone=&#8221;inherit&#8221; column_padding_position=&#8221;all&#8221; column_element_direction_desktop=&#8221;default&#8221; column_element_spacing=&#8221;default&#8221; desktop_text_alignment=&#8221;default&#8221; tablet_text_alignment=&#8221;default&#8221; phone_text_alignment=&#8221;default&#8221; background_color_opacity=&#8221;1&#8243; background_hover_color_opacity=&#8221;1&#8243; column_backdrop_filter=&#8221;none&#8221; column_shadow=&#8221;none&#8221; column_border_radius=&#8221;none&#8221; column_link_target=&#8221;_self&#8221; column_position=&#8221;default&#8221; gradient_direction=&#8221;left_to_right&#8221; overlay_strength=&#8221;0.3&#8243; width=&#8221;1\/1&#8243; tablet_width_inherit=&#8221;default&#8221; animation_type=&#8221;default&#8221; bg_image_animation=&#8221;none&#8221; border_type=&#8221;simple&#8221; column_border_width=&#8221;none&#8221; column_border_style=&#8221;solid&#8221;][nectar_global_section id=&#8221;6718&#8243;][\/vc_column][\/vc_row]\n","protected":false},"excerpt":{"rendered":"<p>[vc_row type=&#8221;in_container&#8221; full_screen_row_position=&#8221;middle&#8221; column_margin=&#8221;default&#8221; column_direction=&#8221;default&#8221; column_direction_tablet=&#8221;default&#8221; column_direction_phone=&#8221;default&#8221; scene_position=&#8221;center&#8221; text_color=&#8221;dark&#8221; text_align=&#8221;left&#8221; row_border_radius=&#8221;none&#8221; row_border_radius_applies=&#8221;bg&#8221; overflow=&#8221;visible&#8221; overlay_strength=&#8221;0.3&#8243; gradient_direction=&#8221;left_to_right&#8221; shape_divider_position=&#8221;bottom&#8221; bg_image_animation=&#8221;none&#8221;][vc_column column_padding=&#8221;no-extra-padding&#8221; column_padding_tablet=&#8221;inherit&#8221; column_padding_phone=&#8221;inherit&#8221; column_padding_position=&#8221;all&#8221; column_element_direction_desktop=&#8221;default&#8221; column_element_spacing=&#8221;default&#8221; desktop_text_alignment=&#8221;default&#8221; tablet_text_alignment=&#8221;default&#8221; phone_text_alignment=&#8221;default&#8221; background_color_opacity=&#8221;1&#8243; background_hover_color_opacity=&#8221;1&#8243; column_backdrop_filter=&#8221;none&#8221; column_shadow=&#8221;none&#8221;&#8230;<\/p>\n","protected":false},"author":2,"featured_media":5905,"comment_status":"closed","ping_status":"open","sticky":false,"template":"","format":"standard","meta":{"_acf_changed":false,"footnotes":""},"categories":[246],"tags":[],"class_list":{"0":"post-6820","1":"post","2":"type-post","3":"status-publish","4":"format-standard","5":"has-post-thumbnail","7":"category-actualites-en"},"acf":[],"yoast_head":"<!-- This site is optimized with the Yoast SEO plugin v27.5 - https:\/\/yoast.com\/product\/yoast-seo-wordpress\/ -->\n<title>Materiaux biosourc\u00e9s et acoustiques dans la r\u00e9gion Centre-Val de Loire - Acoustique &amp; Conseil<\/title>\n<meta name=\"description\" content=\"En r\u00e9gion Centre - Val de Loire, l\u2019antenne Acoustique &amp; Conseil de Tours (37) a int\u00e9gr\u00e9 les \u00e9quipes de Maitrise d\u2019\u0152uvre pour la r\u00e9alisation de trois projets \u00e0 forte orientation \u00e9cologique.\" \/>\n<meta name=\"robots\" content=\"index, follow, max-snippet:-1, max-image-preview:large, max-video-preview:-1\" \/>\n<link rel=\"canonical\" href=\"https:\/\/acoustique-conseil.com\/en\/materiaux-biosources-et-acoustiques-dans-la-region-centre-val-de-loire\/\" \/>\n<meta property=\"og:locale\" content=\"en_US\" \/>\n<meta property=\"og:type\" content=\"article\" \/>\n<meta property=\"og:title\" content=\"Materiaux biosourc\u00e9s et acoustiques dans la r\u00e9gion Centre-Val de Loire - Acoustique &amp; Conseil\" \/>\n<meta property=\"og:description\" content=\"En r\u00e9gion Centre - Val de Loire, l\u2019antenne Acoustique &amp; Conseil de Tours (37) a int\u00e9gr\u00e9 les \u00e9quipes de Maitrise d\u2019\u0152uvre pour la r\u00e9alisation de trois projets \u00e0 forte orientation \u00e9cologique.\" \/>\n<meta property=\"og:url\" content=\"https:\/\/acoustique-conseil.com\/en\/materiaux-biosources-et-acoustiques-dans-la-region-centre-val-de-loire\/\" \/>\n<meta property=\"og:site_name\" content=\"Acoustique &amp; Conseil\" \/>\n<meta property=\"article:published_time\" content=\"2020-05-07T09:26:52+00:00\" \/>\n<meta property=\"article:modified_time\" content=\"2025-04-28T12:29:56+00:00\" \/>\n<meta property=\"og:image\" content=\"https:\/\/acoustique-conseil.com\/wp-content\/uploads\/2024\/10\/perspective_ext1_redimensionner.jpg\" \/>\n\t<meta property=\"og:image:width\" content=\"512\" \/>\n\t<meta property=\"og:image:height\" content=\"512\" \/>\n\t<meta property=\"og:image:type\" content=\"image\/jpeg\" \/>\n<meta name=\"author\" content=\"WeAreBlow\" \/>\n<meta name=\"twitter:card\" content=\"summary_large_image\" \/>\n<meta name=\"twitter:label1\" content=\"Written by\" \/>\n\t<meta name=\"twitter:data1\" content=\"WeAreBlow\" \/>\n\t<meta name=\"twitter:label2\" content=\"Est. reading time\" \/>\n\t<meta name=\"twitter:data2\" content=\"1 minute\" \/>\n<script type=\"application\/ld+json\" class=\"yoast-schema-graph\">{\"@context\":\"https:\\\/\\\/schema.org\",\"@graph\":[{\"@type\":\"Article\",\"@id\":\"https:\\\/\\\/acoustique-conseil.com\\\/en\\\/materiaux-biosources-et-acoustiques-dans-la-region-centre-val-de-loire\\\/#article\",\"isPartOf\":{\"@id\":\"https:\\\/\\\/acoustique-conseil.com\\\/en\\\/materiaux-biosources-et-acoustiques-dans-la-region-centre-val-de-loire\\\/\"},\"author\":{\"name\":\"WeAreBlow\",\"@id\":\"https:\\\/\\\/acoustique-conseil.com\\\/en\\\/#\\\/schema\\\/person\\\/a46440b6454d8f5dc0c443e1471dad5c\"},\"headline\":\"Materiaux biosourc\u00e9s et acoustiques dans la r\u00e9gion Centre-Val de Loire\",\"datePublished\":\"2020-05-07T09:26:52+00:00\",\"dateModified\":\"2025-04-28T12:29:56+00:00\",\"mainEntityOfPage\":{\"@id\":\"https:\\\/\\\/acoustique-conseil.com\\\/en\\\/materiaux-biosources-et-acoustiques-dans-la-region-centre-val-de-loire\\\/\"},\"wordCount\":530,\"image\":{\"@id\":\"https:\\\/\\\/acoustique-conseil.com\\\/en\\\/materiaux-biosources-et-acoustiques-dans-la-region-centre-val-de-loire\\\/#primaryimage\"},\"thumbnailUrl\":\"https:\\\/\\\/acoustique-conseil.com\\\/wp-content\\\/uploads\\\/2024\\\/10\\\/perspective_ext1_redimensionner.jpg\",\"articleSection\":[\"Actualit\u00e9s\"],\"inLanguage\":\"en-US\"},{\"@type\":\"WebPage\",\"@id\":\"https:\\\/\\\/acoustique-conseil.com\\\/en\\\/materiaux-biosources-et-acoustiques-dans-la-region-centre-val-de-loire\\\/\",\"url\":\"https:\\\/\\\/acoustique-conseil.com\\\/en\\\/materiaux-biosources-et-acoustiques-dans-la-region-centre-val-de-loire\\\/\",\"name\":\"Materiaux biosourc\u00e9s et acoustiques dans la r\u00e9gion Centre-Val de Loire - Acoustique &amp; Conseil\",\"isPartOf\":{\"@id\":\"https:\\\/\\\/acoustique-conseil.com\\\/en\\\/#website\"},\"primaryImageOfPage\":{\"@id\":\"https:\\\/\\\/acoustique-conseil.com\\\/en\\\/materiaux-biosources-et-acoustiques-dans-la-region-centre-val-de-loire\\\/#primaryimage\"},\"image\":{\"@id\":\"https:\\\/\\\/acoustique-conseil.com\\\/en\\\/materiaux-biosources-et-acoustiques-dans-la-region-centre-val-de-loire\\\/#primaryimage\"},\"thumbnailUrl\":\"https:\\\/\\\/acoustique-conseil.com\\\/wp-content\\\/uploads\\\/2024\\\/10\\\/perspective_ext1_redimensionner.jpg\",\"datePublished\":\"2020-05-07T09:26:52+00:00\",\"dateModified\":\"2025-04-28T12:29:56+00:00\",\"author\":{\"@id\":\"https:\\\/\\\/acoustique-conseil.com\\\/en\\\/#\\\/schema\\\/person\\\/a46440b6454d8f5dc0c443e1471dad5c\"},\"description\":\"En r\u00e9gion Centre - Val de Loire, l\u2019antenne Acoustique & Conseil de Tours (37) a int\u00e9gr\u00e9 les \u00e9quipes de Maitrise d\u2019\u0152uvre pour la r\u00e9alisation de trois projets \u00e0 forte orientation \u00e9cologique.\",\"breadcrumb\":{\"@id\":\"https:\\\/\\\/acoustique-conseil.com\\\/en\\\/materiaux-biosources-et-acoustiques-dans-la-region-centre-val-de-loire\\\/#breadcrumb\"},\"inLanguage\":\"en-US\",\"potentialAction\":[{\"@type\":\"ReadAction\",\"target\":[\"https:\\\/\\\/acoustique-conseil.com\\\/en\\\/materiaux-biosources-et-acoustiques-dans-la-region-centre-val-de-loire\\\/\"]}]},{\"@type\":\"ImageObject\",\"inLanguage\":\"en-US\",\"@id\":\"https:\\\/\\\/acoustique-conseil.com\\\/en\\\/materiaux-biosources-et-acoustiques-dans-la-region-centre-val-de-loire\\\/#primaryimage\",\"url\":\"https:\\\/\\\/acoustique-conseil.com\\\/wp-content\\\/uploads\\\/2024\\\/10\\\/perspective_ext1_redimensionner.jpg\",\"contentUrl\":\"https:\\\/\\\/acoustique-conseil.com\\\/wp-content\\\/uploads\\\/2024\\\/10\\\/perspective_ext1_redimensionner.jpg\",\"width\":512,\"height\":512},{\"@type\":\"BreadcrumbList\",\"@id\":\"https:\\\/\\\/acoustique-conseil.com\\\/en\\\/materiaux-biosources-et-acoustiques-dans-la-region-centre-val-de-loire\\\/#breadcrumb\",\"itemListElement\":[{\"@type\":\"ListItem\",\"position\":1,\"name\":\"Accueil\",\"item\":\"https:\\\/\\\/acoustique-conseil.com\\\/en\\\/\"},{\"@type\":\"ListItem\",\"position\":2,\"name\":\"Actualit\u00e9s\",\"item\":\"https:\\\/\\\/acoustique-conseil.com\\\/en\\\/category\\\/actualites-en\\\/\"},{\"@type\":\"ListItem\",\"position\":3,\"name\":\"Materiaux biosourc\u00e9s et acoustiques dans la r\u00e9gion Centre-Val de Loire\"}]},{\"@type\":\"WebSite\",\"@id\":\"https:\\\/\\\/acoustique-conseil.com\\\/en\\\/#website\",\"url\":\"https:\\\/\\\/acoustique-conseil.com\\\/en\\\/\",\"name\":\"Acoustique &amp; Conseil\",\"description\":\"Bureau d&#039;\u00e9tude en acoustique et vibrations\",\"potentialAction\":[{\"@type\":\"SearchAction\",\"target\":{\"@type\":\"EntryPoint\",\"urlTemplate\":\"https:\\\/\\\/acoustique-conseil.com\\\/en\\\/?s={search_term_string}\"},\"query-input\":{\"@type\":\"PropertyValueSpecification\",\"valueRequired\":true,\"valueName\":\"search_term_string\"}}],\"inLanguage\":\"en-US\"},{\"@type\":\"Person\",\"@id\":\"https:\\\/\\\/acoustique-conseil.com\\\/en\\\/#\\\/schema\\\/person\\\/a46440b6454d8f5dc0c443e1471dad5c\",\"name\":\"WeAreBlow\",\"image\":{\"@type\":\"ImageObject\",\"inLanguage\":\"en-US\",\"@id\":\"https:\\\/\\\/secure.gravatar.com\\\/avatar\\\/4fe45c4c426fb5aa4064d00ab9add0ae2ca6ed3b17aeb23f05d9f8cd81f0f6c8?s=96&d=mm&r=g\",\"url\":\"https:\\\/\\\/secure.gravatar.com\\\/avatar\\\/4fe45c4c426fb5aa4064d00ab9add0ae2ca6ed3b17aeb23f05d9f8cd81f0f6c8?s=96&d=mm&r=g\",\"contentUrl\":\"https:\\\/\\\/secure.gravatar.com\\\/avatar\\\/4fe45c4c426fb5aa4064d00ab9add0ae2ca6ed3b17aeb23f05d9f8cd81f0f6c8?s=96&d=mm&r=g\",\"caption\":\"WeAreBlow\"},\"sameAs\":[\"https:\\\/\\\/acoustique-conseil.com\"]}]}<\/script>\n<!-- \/ Yoast SEO plugin. -->","yoast_head_json":{"title":"Materiaux biosourc\u00e9s et acoustiques dans la r\u00e9gion Centre-Val de Loire - Acoustique &amp; Conseil","description":"En r\u00e9gion Centre - Val de Loire, l\u2019antenne Acoustique & Conseil de Tours (37) a int\u00e9gr\u00e9 les \u00e9quipes de Maitrise d\u2019\u0152uvre pour la r\u00e9alisation de trois projets \u00e0 forte orientation \u00e9cologique.","robots":{"index":"index","follow":"follow","max-snippet":"max-snippet:-1","max-image-preview":"max-image-preview:large","max-video-preview":"max-video-preview:-1"},"canonical":"https:\/\/acoustique-conseil.com\/en\/materiaux-biosources-et-acoustiques-dans-la-region-centre-val-de-loire\/","og_locale":"en_US","og_type":"article","og_title":"Materiaux biosourc\u00e9s et acoustiques dans la r\u00e9gion Centre-Val de Loire - Acoustique &amp; Conseil","og_description":"En r\u00e9gion Centre - Val de Loire, l\u2019antenne Acoustique & Conseil de Tours (37) a int\u00e9gr\u00e9 les \u00e9quipes de Maitrise d\u2019\u0152uvre pour la r\u00e9alisation de trois projets \u00e0 forte orientation \u00e9cologique.","og_url":"https:\/\/acoustique-conseil.com\/en\/materiaux-biosources-et-acoustiques-dans-la-region-centre-val-de-loire\/","og_site_name":"Acoustique &amp; Conseil","article_published_time":"2020-05-07T09:26:52+00:00","article_modified_time":"2025-04-28T12:29:56+00:00","og_image":[{"width":512,"height":512,"url":"https:\/\/acoustique-conseil.com\/wp-content\/uploads\/2024\/10\/perspective_ext1_redimensionner.jpg","type":"image\/jpeg"}],"author":"WeAreBlow","twitter_card":"summary_large_image","twitter_misc":{"Written by":"WeAreBlow","Est. reading time":"1 minute"},"schema":{"@context":"https:\/\/schema.org","@graph":[{"@type":"Article","@id":"https:\/\/acoustique-conseil.com\/en\/materiaux-biosources-et-acoustiques-dans-la-region-centre-val-de-loire\/#article","isPartOf":{"@id":"https:\/\/acoustique-conseil.com\/en\/materiaux-biosources-et-acoustiques-dans-la-region-centre-val-de-loire\/"},"author":{"name":"WeAreBlow","@id":"https:\/\/acoustique-conseil.com\/en\/#\/schema\/person\/a46440b6454d8f5dc0c443e1471dad5c"},"headline":"Materiaux biosourc\u00e9s et acoustiques dans la r\u00e9gion Centre-Val de Loire","datePublished":"2020-05-07T09:26:52+00:00","dateModified":"2025-04-28T12:29:56+00:00","mainEntityOfPage":{"@id":"https:\/\/acoustique-conseil.com\/en\/materiaux-biosources-et-acoustiques-dans-la-region-centre-val-de-loire\/"},"wordCount":530,"image":{"@id":"https:\/\/acoustique-conseil.com\/en\/materiaux-biosources-et-acoustiques-dans-la-region-centre-val-de-loire\/#primaryimage"},"thumbnailUrl":"https:\/\/acoustique-conseil.com\/wp-content\/uploads\/2024\/10\/perspective_ext1_redimensionner.jpg","articleSection":["Actualit\u00e9s"],"inLanguage":"en-US"},{"@type":"WebPage","@id":"https:\/\/acoustique-conseil.com\/en\/materiaux-biosources-et-acoustiques-dans-la-region-centre-val-de-loire\/","url":"https:\/\/acoustique-conseil.com\/en\/materiaux-biosources-et-acoustiques-dans-la-region-centre-val-de-loire\/","name":"Materiaux biosourc\u00e9s et acoustiques dans la r\u00e9gion Centre-Val de Loire - Acoustique &amp; Conseil","isPartOf":{"@id":"https:\/\/acoustique-conseil.com\/en\/#website"},"primaryImageOfPage":{"@id":"https:\/\/acoustique-conseil.com\/en\/materiaux-biosources-et-acoustiques-dans-la-region-centre-val-de-loire\/#primaryimage"},"image":{"@id":"https:\/\/acoustique-conseil.com\/en\/materiaux-biosources-et-acoustiques-dans-la-region-centre-val-de-loire\/#primaryimage"},"thumbnailUrl":"https:\/\/acoustique-conseil.com\/wp-content\/uploads\/2024\/10\/perspective_ext1_redimensionner.jpg","datePublished":"2020-05-07T09:26:52+00:00","dateModified":"2025-04-28T12:29:56+00:00","author":{"@id":"https:\/\/acoustique-conseil.com\/en\/#\/schema\/person\/a46440b6454d8f5dc0c443e1471dad5c"},"description":"En r\u00e9gion Centre - Val de Loire, l\u2019antenne Acoustique & Conseil de Tours (37) a int\u00e9gr\u00e9 les \u00e9quipes de Maitrise d\u2019\u0152uvre pour la r\u00e9alisation de trois projets \u00e0 forte orientation \u00e9cologique.","breadcrumb":{"@id":"https:\/\/acoustique-conseil.com\/en\/materiaux-biosources-et-acoustiques-dans-la-region-centre-val-de-loire\/#breadcrumb"},"inLanguage":"en-US","potentialAction":[{"@type":"ReadAction","target":["https:\/\/acoustique-conseil.com\/en\/materiaux-biosources-et-acoustiques-dans-la-region-centre-val-de-loire\/"]}]},{"@type":"ImageObject","inLanguage":"en-US","@id":"https:\/\/acoustique-conseil.com\/en\/materiaux-biosources-et-acoustiques-dans-la-region-centre-val-de-loire\/#primaryimage","url":"https:\/\/acoustique-conseil.com\/wp-content\/uploads\/2024\/10\/perspective_ext1_redimensionner.jpg","contentUrl":"https:\/\/acoustique-conseil.com\/wp-content\/uploads\/2024\/10\/perspective_ext1_redimensionner.jpg","width":512,"height":512},{"@type":"BreadcrumbList","@id":"https:\/\/acoustique-conseil.com\/en\/materiaux-biosources-et-acoustiques-dans-la-region-centre-val-de-loire\/#breadcrumb","itemListElement":[{"@type":"ListItem","position":1,"name":"Accueil","item":"https:\/\/acoustique-conseil.com\/en\/"},{"@type":"ListItem","position":2,"name":"Actualit\u00e9s","item":"https:\/\/acoustique-conseil.com\/en\/category\/actualites-en\/"},{"@type":"ListItem","position":3,"name":"Materiaux biosourc\u00e9s et acoustiques dans la r\u00e9gion Centre-Val de Loire"}]},{"@type":"WebSite","@id":"https:\/\/acoustique-conseil.com\/en\/#website","url":"https:\/\/acoustique-conseil.com\/en\/","name":"Acoustique &amp; Conseil","description":"Bureau d&#039;\u00e9tude en acoustique et vibrations","potentialAction":[{"@type":"SearchAction","target":{"@type":"EntryPoint","urlTemplate":"https:\/\/acoustique-conseil.com\/en\/?s={search_term_string}"},"query-input":{"@type":"PropertyValueSpecification","valueRequired":true,"valueName":"search_term_string"}}],"inLanguage":"en-US"},{"@type":"Person","@id":"https:\/\/acoustique-conseil.com\/en\/#\/schema\/person\/a46440b6454d8f5dc0c443e1471dad5c","name":"WeAreBlow","image":{"@type":"ImageObject","inLanguage":"en-US","@id":"https:\/\/secure.gravatar.com\/avatar\/4fe45c4c426fb5aa4064d00ab9add0ae2ca6ed3b17aeb23f05d9f8cd81f0f6c8?s=96&d=mm&r=g","url":"https:\/\/secure.gravatar.com\/avatar\/4fe45c4c426fb5aa4064d00ab9add0ae2ca6ed3b17aeb23f05d9f8cd81f0f6c8?s=96&d=mm&r=g","contentUrl":"https:\/\/secure.gravatar.com\/avatar\/4fe45c4c426fb5aa4064d00ab9add0ae2ca6ed3b17aeb23f05d9f8cd81f0f6c8?s=96&d=mm&r=g","caption":"WeAreBlow"},"sameAs":["https:\/\/acoustique-conseil.com"]}]}},"_links":{"self":[{"href":"https:\/\/acoustique-conseil.com\/en\/wp-json\/wp\/v2\/posts\/6820","targetHints":{"allow":["GET"]}}],"collection":[{"href":"https:\/\/acoustique-conseil.com\/en\/wp-json\/wp\/v2\/posts"}],"about":[{"href":"https:\/\/acoustique-conseil.com\/en\/wp-json\/wp\/v2\/types\/post"}],"author":[{"embeddable":true,"href":"https:\/\/acoustique-conseil.com\/en\/wp-json\/wp\/v2\/users\/2"}],"replies":[{"embeddable":true,"href":"https:\/\/acoustique-conseil.com\/en\/wp-json\/wp\/v2\/comments?post=6820"}],"version-history":[{"count":1,"href":"https:\/\/acoustique-conseil.com\/en\/wp-json\/wp\/v2\/posts\/6820\/revisions"}],"predecessor-version":[{"id":6821,"href":"https:\/\/acoustique-conseil.com\/en\/wp-json\/wp\/v2\/posts\/6820\/revisions\/6821"}],"wp:featuredmedia":[{"embeddable":true,"href":"https:\/\/acoustique-conseil.com\/en\/wp-json\/wp\/v2\/media\/5905"}],"wp:attachment":[{"href":"https:\/\/acoustique-conseil.com\/en\/wp-json\/wp\/v2\/media?parent=6820"}],"wp:term":[{"taxonomy":"category","embeddable":true,"href":"https:\/\/acoustique-conseil.com\/en\/wp-json\/wp\/v2\/categories?post=6820"},{"taxonomy":"post_tag","embeddable":true,"href":"https:\/\/acoustique-conseil.com\/en\/wp-json\/wp\/v2\/tags?post=6820"}],"curies":[{"name":"wp","href":"https:\/\/api.w.org\/{rel}","templated":true}]}}