{"id":6822,"date":"2020-02-28T11:29:03","date_gmt":"2020-02-28T10:29:03","guid":{"rendered":"https:\/\/acoustique-conseil.com\/la-cite-du-theatre-ac-acousticien-de-projet\/"},"modified":"2025-04-28T14:30:52","modified_gmt":"2025-04-28T12:30:52","slug":"la-cite-du-theatre-ac-acousticien-de-projet","status":"publish","type":"post","link":"https:\/\/acoustique-conseil.com\/en\/la-cite-du-theatre-ac-acousticien-de-projet\/","title":{"rendered":"La Cit\u00e9 du Th\u00e9\u00e2tre : A&#038;C acousticien de projet"},"content":{"rendered":"[vc_row type=&#8221;in_container&#8221; full_screen_row_position=&#8221;middle&#8221; column_margin=&#8221;default&#8221; column_direction=&#8221;default&#8221; column_direction_tablet=&#8221;default&#8221; column_direction_phone=&#8221;default&#8221; scene_position=&#8221;center&#8221; text_color=&#8221;dark&#8221; text_align=&#8221;left&#8221; row_border_radius=&#8221;none&#8221; row_border_radius_applies=&#8221;bg&#8221; overflow=&#8221;visible&#8221; overlay_strength=&#8221;0.3&#8243; gradient_direction=&#8221;left_to_right&#8221; shape_divider_position=&#8221;bottom&#8221; bg_image_animation=&#8221;none&#8221;][vc_column column_padding=&#8221;no-extra-padding&#8221; column_padding_tablet=&#8221;inherit&#8221; column_padding_phone=&#8221;inherit&#8221; column_padding_position=&#8221;all&#8221; column_element_direction_desktop=&#8221;default&#8221; column_element_spacing=&#8221;default&#8221; desktop_text_alignment=&#8221;default&#8221; tablet_text_alignment=&#8221;default&#8221; phone_text_alignment=&#8221;default&#8221; background_color_opacity=&#8221;1&#8243; background_hover_color_opacity=&#8221;1&#8243; column_backdrop_filter=&#8221;none&#8221; column_shadow=&#8221;none&#8221; column_border_radius=&#8221;none&#8221; column_link_target=&#8221;_self&#8221; column_position=&#8221;default&#8221; gradient_direction=&#8221;left_to_right&#8221; overlay_strength=&#8221;0.3&#8243; width=&#8221;1\/1&#8243; tablet_width_inherit=&#8221;default&#8221; animation_type=&#8221;default&#8221; bg_image_animation=&#8221;none&#8221; border_type=&#8221;simple&#8221; column_border_width=&#8221;none&#8221; column_border_style=&#8221;solid&#8221;][vc_column_text css=&#8221;&#8221; text_direction=&#8221;default&#8221;]Acoustique &amp; Conseil assure la ma\u00eetrise d&#8217; \u0152uvre acoustique pour la reconversion des Ateliers Berthier en Cit\u00e9 du Th\u00e9\u00e2tre.<br \/>\nCe projet dans le 17\u00e8me arrondissement de Paris regroupera la Com\u00e9die Fran\u00e7aise, l&#8217;Od\u00e9on et le Conservatoire National Sup\u00e9rieur d\u2019Art Dramatique (CNSAD).<br \/>\nIl comporte sept salles de spectacles, des salles de r\u00e9p\u00e9tition, des studios son et vid\u00e9o, des espaces d&#8217;accueil et de ressources documentaires et les locaux associ\u00e9s.<\/p>\n<p>Equipe :<br \/>\nNIETO SOBEJANO ARQUITECTOS (Architecte mandataire) PERIPHERIQUES MARIN + TROTTIN ARCHITECTES ESPACES TEMPS et ARQBAG, Fluides et HQE<br \/>\nTERRELL, Structure<br \/>\nLABEYRIE &amp; ASSOCIES et J. PIERANGELO, Sc\u00e9nographie<br \/>\nD&#8217;ICI LA PAYSAGE &amp; TERRITOIRES, Paysage<br \/>\nMAZET &amp; ASSOCIES, Economie de la construction<br \/>\nVISIONLAB, Conseil Administratif<br \/>\nACOUSTIQUE &amp; CONSEIL, Acoustique[\/vc_column_text][\/vc_column][\/vc_row][vc_row type=&#8221;in_container&#8221; full_screen_row_position=&#8221;middle&#8221; column_margin=&#8221;default&#8221; column_direction=&#8221;default&#8221; column_direction_tablet=&#8221;default&#8221; column_direction_phone=&#8221;default&#8221; scene_position=&#8221;center&#8221; text_color=&#8221;dark&#8221; text_align=&#8221;left&#8221; row_border_radius=&#8221;none&#8221; row_border_radius_applies=&#8221;bg&#8221; overflow=&#8221;visible&#8221; overlay_strength=&#8221;0.3&#8243; gradient_direction=&#8221;left_to_right&#8221; shape_divider_position=&#8221;bottom&#8221; bg_image_animation=&#8221;none&#8221;][vc_column column_padding=&#8221;no-extra-padding&#8221; column_padding_tablet=&#8221;inherit&#8221; column_padding_phone=&#8221;inherit&#8221; column_padding_position=&#8221;all&#8221; column_element_direction_desktop=&#8221;default&#8221; column_element_spacing=&#8221;default&#8221; desktop_text_alignment=&#8221;default&#8221; tablet_text_alignment=&#8221;default&#8221; phone_text_alignment=&#8221;default&#8221; background_color_opacity=&#8221;1&#8243; background_hover_color_opacity=&#8221;1&#8243; column_backdrop_filter=&#8221;none&#8221; column_shadow=&#8221;none&#8221; column_border_radius=&#8221;none&#8221; column_link_target=&#8221;_self&#8221; column_position=&#8221;default&#8221; gradient_direction=&#8221;left_to_right&#8221; overlay_strength=&#8221;0.3&#8243; width=&#8221;1\/1&#8243; tablet_width_inherit=&#8221;default&#8221; animation_type=&#8221;default&#8221; bg_image_animation=&#8221;none&#8221; border_type=&#8221;simple&#8221; column_border_width=&#8221;none&#8221; column_border_style=&#8221;solid&#8221;][nectar_global_section id=&#8221;6718&#8243;][\/vc_column][\/vc_row]\n","protected":false},"excerpt":{"rendered":"<p>[vc_row type=&#8221;in_container&#8221; full_screen_row_position=&#8221;middle&#8221; column_margin=&#8221;default&#8221; column_direction=&#8221;default&#8221; column_direction_tablet=&#8221;default&#8221; column_direction_phone=&#8221;default&#8221; scene_position=&#8221;center&#8221; text_color=&#8221;dark&#8221; text_align=&#8221;left&#8221; row_border_radius=&#8221;none&#8221; row_border_radius_applies=&#8221;bg&#8221; overflow=&#8221;visible&#8221; overlay_strength=&#8221;0.3&#8243; gradient_direction=&#8221;left_to_right&#8221; shape_divider_position=&#8221;bottom&#8221; bg_image_animation=&#8221;none&#8221;][vc_column column_padding=&#8221;no-extra-padding&#8221; column_padding_tablet=&#8221;inherit&#8221; column_padding_phone=&#8221;inherit&#8221; column_padding_position=&#8221;all&#8221; column_element_direction_desktop=&#8221;default&#8221; column_element_spacing=&#8221;default&#8221; desktop_text_alignment=&#8221;default&#8221; tablet_text_alignment=&#8221;default&#8221; phone_text_alignment=&#8221;default&#8221; background_color_opacity=&#8221;1&#8243; background_hover_color_opacity=&#8221;1&#8243; column_backdrop_filter=&#8221;none&#8221; column_shadow=&#8221;none&#8221;&#8230;<\/p>\n","protected":false},"author":2,"featured_media":5906,"comment_status":"closed","ping_status":"open","sticky":false,"template":"","format":"standard","meta":{"_acf_changed":false,"footnotes":""},"categories":[246],"tags":[],"class_list":{"0":"post-6822","1":"post","2":"type-post","3":"status-publish","4":"format-standard","5":"has-post-thumbnail","7":"category-actualites-en"},"acf":[],"yoast_head":"<!-- This site is optimized with the Yoast SEO plugin v27.5 - https:\/\/yoast.com\/product\/yoast-seo-wordpress\/ -->\n<title>La Cit\u00e9 du Th\u00e9\u00e2tre : A&amp;C acousticien de projet - Acoustique &amp; Conseil<\/title>\n<meta name=\"description\" content=\"Acoustique &amp; Conseil assure la ma\u00eetrise d&#039; \u0152uvre acoustique pour la reconversion des Ateliers Berthier en Cit\u00e9 du Th\u00e9\u00e2tre.\" \/>\n<meta name=\"robots\" content=\"index, follow, max-snippet:-1, max-image-preview:large, max-video-preview:-1\" \/>\n<link rel=\"canonical\" href=\"https:\/\/acoustique-conseil.com\/en\/la-cite-du-theatre-ac-acousticien-de-projet\/\" \/>\n<meta property=\"og:locale\" content=\"en_US\" \/>\n<meta property=\"og:type\" content=\"article\" \/>\n<meta property=\"og:title\" content=\"La Cit\u00e9 du Th\u00e9\u00e2tre : A&amp;C acousticien de projet - Acoustique &amp; Conseil\" \/>\n<meta property=\"og:description\" content=\"Acoustique &amp; Conseil assure la ma\u00eetrise d&#039; \u0152uvre acoustique pour la reconversion des Ateliers Berthier en Cit\u00e9 du Th\u00e9\u00e2tre.\" \/>\n<meta property=\"og:url\" content=\"https:\/\/acoustique-conseil.com\/en\/la-cite-du-theatre-ac-acousticien-de-projet\/\" \/>\n<meta property=\"og:site_name\" content=\"Acoustique &amp; Conseil\" \/>\n<meta property=\"article:published_time\" content=\"2020-02-28T10:29:03+00:00\" \/>\n<meta property=\"article:modified_time\" content=\"2025-04-28T12:30:52+00:00\" \/>\n<meta property=\"og:image\" content=\"https:\/\/acoustique-conseil.com\/wp-content\/uploads\/2024\/10\/cite_du_theatre-paris._exterior_view_1._c2020_nieto_sobejano_architecte_mandataire_marin_trottin_architecte_associe.jpg\" \/>\n\t<meta property=\"og:image:width\" content=\"512\" \/>\n\t<meta property=\"og:image:height\" content=\"512\" \/>\n\t<meta property=\"og:image:type\" content=\"image\/jpeg\" \/>\n<meta name=\"author\" content=\"WeAreBlow\" \/>\n<meta name=\"twitter:card\" content=\"summary_large_image\" \/>\n<meta name=\"twitter:label1\" content=\"Written by\" \/>\n\t<meta name=\"twitter:data1\" content=\"WeAreBlow\" \/>\n\t<meta name=\"twitter:label2\" content=\"Est. reading time\" \/>\n\t<meta name=\"twitter:data2\" content=\"1 minute\" \/>\n<script type=\"application\/ld+json\" class=\"yoast-schema-graph\">{\"@context\":\"https:\\\/\\\/schema.org\",\"@graph\":[{\"@type\":\"Article\",\"@id\":\"https:\\\/\\\/acoustique-conseil.com\\\/en\\\/la-cite-du-theatre-ac-acousticien-de-projet\\\/#article\",\"isPartOf\":{\"@id\":\"https:\\\/\\\/acoustique-conseil.com\\\/en\\\/la-cite-du-theatre-ac-acousticien-de-projet\\\/\"},\"author\":{\"name\":\"WeAreBlow\",\"@id\":\"https:\\\/\\\/acoustique-conseil.com\\\/en\\\/#\\\/schema\\\/person\\\/a46440b6454d8f5dc0c443e1471dad5c\"},\"headline\":\"La Cit\u00e9 du Th\u00e9\u00e2tre : A&#038;C acousticien de projet\",\"datePublished\":\"2020-02-28T10:29:03+00:00\",\"dateModified\":\"2025-04-28T12:30:52+00:00\",\"mainEntityOfPage\":{\"@id\":\"https:\\\/\\\/acoustique-conseil.com\\\/en\\\/la-cite-du-theatre-ac-acousticien-de-projet\\\/\"},\"wordCount\":463,\"image\":{\"@id\":\"https:\\\/\\\/acoustique-conseil.com\\\/en\\\/la-cite-du-theatre-ac-acousticien-de-projet\\\/#primaryimage\"},\"thumbnailUrl\":\"https:\\\/\\\/acoustique-conseil.com\\\/wp-content\\\/uploads\\\/2024\\\/10\\\/cite_du_theatre-paris._exterior_view_1._c2020_nieto_sobejano_architecte_mandataire_marin_trottin_architecte_associe.jpg\",\"articleSection\":[\"Actualit\u00e9s\"],\"inLanguage\":\"en-US\"},{\"@type\":\"WebPage\",\"@id\":\"https:\\\/\\\/acoustique-conseil.com\\\/en\\\/la-cite-du-theatre-ac-acousticien-de-projet\\\/\",\"url\":\"https:\\\/\\\/acoustique-conseil.com\\\/en\\\/la-cite-du-theatre-ac-acousticien-de-projet\\\/\",\"name\":\"La Cit\u00e9 du Th\u00e9\u00e2tre : A&C acousticien de projet - Acoustique &amp; Conseil\",\"isPartOf\":{\"@id\":\"https:\\\/\\\/acoustique-conseil.com\\\/en\\\/#website\"},\"primaryImageOfPage\":{\"@id\":\"https:\\\/\\\/acoustique-conseil.com\\\/en\\\/la-cite-du-theatre-ac-acousticien-de-projet\\\/#primaryimage\"},\"image\":{\"@id\":\"https:\\\/\\\/acoustique-conseil.com\\\/en\\\/la-cite-du-theatre-ac-acousticien-de-projet\\\/#primaryimage\"},\"thumbnailUrl\":\"https:\\\/\\\/acoustique-conseil.com\\\/wp-content\\\/uploads\\\/2024\\\/10\\\/cite_du_theatre-paris._exterior_view_1._c2020_nieto_sobejano_architecte_mandataire_marin_trottin_architecte_associe.jpg\",\"datePublished\":\"2020-02-28T10:29:03+00:00\",\"dateModified\":\"2025-04-28T12:30:52+00:00\",\"author\":{\"@id\":\"https:\\\/\\\/acoustique-conseil.com\\\/en\\\/#\\\/schema\\\/person\\\/a46440b6454d8f5dc0c443e1471dad5c\"},\"description\":\"Acoustique & Conseil assure la ma\u00eetrise d' \u0152uvre acoustique pour la reconversion des Ateliers Berthier en Cit\u00e9 du Th\u00e9\u00e2tre.\",\"breadcrumb\":{\"@id\":\"https:\\\/\\\/acoustique-conseil.com\\\/en\\\/la-cite-du-theatre-ac-acousticien-de-projet\\\/#breadcrumb\"},\"inLanguage\":\"en-US\",\"potentialAction\":[{\"@type\":\"ReadAction\",\"target\":[\"https:\\\/\\\/acoustique-conseil.com\\\/en\\\/la-cite-du-theatre-ac-acousticien-de-projet\\\/\"]}]},{\"@type\":\"ImageObject\",\"inLanguage\":\"en-US\",\"@id\":\"https:\\\/\\\/acoustique-conseil.com\\\/en\\\/la-cite-du-theatre-ac-acousticien-de-projet\\\/#primaryimage\",\"url\":\"https:\\\/\\\/acoustique-conseil.com\\\/wp-content\\\/uploads\\\/2024\\\/10\\\/cite_du_theatre-paris._exterior_view_1._c2020_nieto_sobejano_architecte_mandataire_marin_trottin_architecte_associe.jpg\",\"contentUrl\":\"https:\\\/\\\/acoustique-conseil.com\\\/wp-content\\\/uploads\\\/2024\\\/10\\\/cite_du_theatre-paris._exterior_view_1._c2020_nieto_sobejano_architecte_mandataire_marin_trottin_architecte_associe.jpg\",\"width\":512,\"height\":512},{\"@type\":\"BreadcrumbList\",\"@id\":\"https:\\\/\\\/acoustique-conseil.com\\\/en\\\/la-cite-du-theatre-ac-acousticien-de-projet\\\/#breadcrumb\",\"itemListElement\":[{\"@type\":\"ListItem\",\"position\":1,\"name\":\"Accueil\",\"item\":\"https:\\\/\\\/acoustique-conseil.com\\\/en\\\/\"},{\"@type\":\"ListItem\",\"position\":2,\"name\":\"Actualit\u00e9s\",\"item\":\"https:\\\/\\\/acoustique-conseil.com\\\/en\\\/category\\\/actualites-en\\\/\"},{\"@type\":\"ListItem\",\"position\":3,\"name\":\"La Cit\u00e9 du Th\u00e9\u00e2tre : A&#038;C acousticien de projet\"}]},{\"@type\":\"WebSite\",\"@id\":\"https:\\\/\\\/acoustique-conseil.com\\\/en\\\/#website\",\"url\":\"https:\\\/\\\/acoustique-conseil.com\\\/en\\\/\",\"name\":\"Acoustique &amp; Conseil\",\"description\":\"Bureau d&#039;\u00e9tude en acoustique et vibrations\",\"potentialAction\":[{\"@type\":\"SearchAction\",\"target\":{\"@type\":\"EntryPoint\",\"urlTemplate\":\"https:\\\/\\\/acoustique-conseil.com\\\/en\\\/?s={search_term_string}\"},\"query-input\":{\"@type\":\"PropertyValueSpecification\",\"valueRequired\":true,\"valueName\":\"search_term_string\"}}],\"inLanguage\":\"en-US\"},{\"@type\":\"Person\",\"@id\":\"https:\\\/\\\/acoustique-conseil.com\\\/en\\\/#\\\/schema\\\/person\\\/a46440b6454d8f5dc0c443e1471dad5c\",\"name\":\"WeAreBlow\",\"image\":{\"@type\":\"ImageObject\",\"inLanguage\":\"en-US\",\"@id\":\"https:\\\/\\\/secure.gravatar.com\\\/avatar\\\/4fe45c4c426fb5aa4064d00ab9add0ae2ca6ed3b17aeb23f05d9f8cd81f0f6c8?s=96&d=mm&r=g\",\"url\":\"https:\\\/\\\/secure.gravatar.com\\\/avatar\\\/4fe45c4c426fb5aa4064d00ab9add0ae2ca6ed3b17aeb23f05d9f8cd81f0f6c8?s=96&d=mm&r=g\",\"contentUrl\":\"https:\\\/\\\/secure.gravatar.com\\\/avatar\\\/4fe45c4c426fb5aa4064d00ab9add0ae2ca6ed3b17aeb23f05d9f8cd81f0f6c8?s=96&d=mm&r=g\",\"caption\":\"WeAreBlow\"},\"sameAs\":[\"https:\\\/\\\/acoustique-conseil.com\"]}]}<\/script>\n<!-- \/ Yoast SEO plugin. -->","yoast_head_json":{"title":"La Cit\u00e9 du Th\u00e9\u00e2tre : A&C acousticien de projet - Acoustique &amp; Conseil","description":"Acoustique & Conseil assure la ma\u00eetrise d' \u0152uvre acoustique pour la reconversion des Ateliers Berthier en Cit\u00e9 du Th\u00e9\u00e2tre.","robots":{"index":"index","follow":"follow","max-snippet":"max-snippet:-1","max-image-preview":"max-image-preview:large","max-video-preview":"max-video-preview:-1"},"canonical":"https:\/\/acoustique-conseil.com\/en\/la-cite-du-theatre-ac-acousticien-de-projet\/","og_locale":"en_US","og_type":"article","og_title":"La Cit\u00e9 du Th\u00e9\u00e2tre : A&C acousticien de projet - Acoustique &amp; Conseil","og_description":"Acoustique & Conseil assure la ma\u00eetrise d' \u0152uvre acoustique pour la reconversion des Ateliers Berthier en Cit\u00e9 du Th\u00e9\u00e2tre.","og_url":"https:\/\/acoustique-conseil.com\/en\/la-cite-du-theatre-ac-acousticien-de-projet\/","og_site_name":"Acoustique &amp; Conseil","article_published_time":"2020-02-28T10:29:03+00:00","article_modified_time":"2025-04-28T12:30:52+00:00","og_image":[{"width":512,"height":512,"url":"https:\/\/acoustique-conseil.com\/wp-content\/uploads\/2024\/10\/cite_du_theatre-paris._exterior_view_1._c2020_nieto_sobejano_architecte_mandataire_marin_trottin_architecte_associe.jpg","type":"image\/jpeg"}],"author":"WeAreBlow","twitter_card":"summary_large_image","twitter_misc":{"Written by":"WeAreBlow","Est. reading time":"1 minute"},"schema":{"@context":"https:\/\/schema.org","@graph":[{"@type":"Article","@id":"https:\/\/acoustique-conseil.com\/en\/la-cite-du-theatre-ac-acousticien-de-projet\/#article","isPartOf":{"@id":"https:\/\/acoustique-conseil.com\/en\/la-cite-du-theatre-ac-acousticien-de-projet\/"},"author":{"name":"WeAreBlow","@id":"https:\/\/acoustique-conseil.com\/en\/#\/schema\/person\/a46440b6454d8f5dc0c443e1471dad5c"},"headline":"La Cit\u00e9 du Th\u00e9\u00e2tre : A&#038;C acousticien de projet","datePublished":"2020-02-28T10:29:03+00:00","dateModified":"2025-04-28T12:30:52+00:00","mainEntityOfPage":{"@id":"https:\/\/acoustique-conseil.com\/en\/la-cite-du-theatre-ac-acousticien-de-projet\/"},"wordCount":463,"image":{"@id":"https:\/\/acoustique-conseil.com\/en\/la-cite-du-theatre-ac-acousticien-de-projet\/#primaryimage"},"thumbnailUrl":"https:\/\/acoustique-conseil.com\/wp-content\/uploads\/2024\/10\/cite_du_theatre-paris._exterior_view_1._c2020_nieto_sobejano_architecte_mandataire_marin_trottin_architecte_associe.jpg","articleSection":["Actualit\u00e9s"],"inLanguage":"en-US"},{"@type":"WebPage","@id":"https:\/\/acoustique-conseil.com\/en\/la-cite-du-theatre-ac-acousticien-de-projet\/","url":"https:\/\/acoustique-conseil.com\/en\/la-cite-du-theatre-ac-acousticien-de-projet\/","name":"La Cit\u00e9 du Th\u00e9\u00e2tre : A&C acousticien de projet - Acoustique &amp; Conseil","isPartOf":{"@id":"https:\/\/acoustique-conseil.com\/en\/#website"},"primaryImageOfPage":{"@id":"https:\/\/acoustique-conseil.com\/en\/la-cite-du-theatre-ac-acousticien-de-projet\/#primaryimage"},"image":{"@id":"https:\/\/acoustique-conseil.com\/en\/la-cite-du-theatre-ac-acousticien-de-projet\/#primaryimage"},"thumbnailUrl":"https:\/\/acoustique-conseil.com\/wp-content\/uploads\/2024\/10\/cite_du_theatre-paris._exterior_view_1._c2020_nieto_sobejano_architecte_mandataire_marin_trottin_architecte_associe.jpg","datePublished":"2020-02-28T10:29:03+00:00","dateModified":"2025-04-28T12:30:52+00:00","author":{"@id":"https:\/\/acoustique-conseil.com\/en\/#\/schema\/person\/a46440b6454d8f5dc0c443e1471dad5c"},"description":"Acoustique & Conseil assure la ma\u00eetrise d' \u0152uvre acoustique pour la reconversion des Ateliers Berthier en Cit\u00e9 du Th\u00e9\u00e2tre.","breadcrumb":{"@id":"https:\/\/acoustique-conseil.com\/en\/la-cite-du-theatre-ac-acousticien-de-projet\/#breadcrumb"},"inLanguage":"en-US","potentialAction":[{"@type":"ReadAction","target":["https:\/\/acoustique-conseil.com\/en\/la-cite-du-theatre-ac-acousticien-de-projet\/"]}]},{"@type":"ImageObject","inLanguage":"en-US","@id":"https:\/\/acoustique-conseil.com\/en\/la-cite-du-theatre-ac-acousticien-de-projet\/#primaryimage","url":"https:\/\/acoustique-conseil.com\/wp-content\/uploads\/2024\/10\/cite_du_theatre-paris._exterior_view_1._c2020_nieto_sobejano_architecte_mandataire_marin_trottin_architecte_associe.jpg","contentUrl":"https:\/\/acoustique-conseil.com\/wp-content\/uploads\/2024\/10\/cite_du_theatre-paris._exterior_view_1._c2020_nieto_sobejano_architecte_mandataire_marin_trottin_architecte_associe.jpg","width":512,"height":512},{"@type":"BreadcrumbList","@id":"https:\/\/acoustique-conseil.com\/en\/la-cite-du-theatre-ac-acousticien-de-projet\/#breadcrumb","itemListElement":[{"@type":"ListItem","position":1,"name":"Accueil","item":"https:\/\/acoustique-conseil.com\/en\/"},{"@type":"ListItem","position":2,"name":"Actualit\u00e9s","item":"https:\/\/acoustique-conseil.com\/en\/category\/actualites-en\/"},{"@type":"ListItem","position":3,"name":"La Cit\u00e9 du Th\u00e9\u00e2tre : A&#038;C acousticien de projet"}]},{"@type":"WebSite","@id":"https:\/\/acoustique-conseil.com\/en\/#website","url":"https:\/\/acoustique-conseil.com\/en\/","name":"Acoustique &amp; Conseil","description":"Bureau d&#039;\u00e9tude en acoustique et vibrations","potentialAction":[{"@type":"SearchAction","target":{"@type":"EntryPoint","urlTemplate":"https:\/\/acoustique-conseil.com\/en\/?s={search_term_string}"},"query-input":{"@type":"PropertyValueSpecification","valueRequired":true,"valueName":"search_term_string"}}],"inLanguage":"en-US"},{"@type":"Person","@id":"https:\/\/acoustique-conseil.com\/en\/#\/schema\/person\/a46440b6454d8f5dc0c443e1471dad5c","name":"WeAreBlow","image":{"@type":"ImageObject","inLanguage":"en-US","@id":"https:\/\/secure.gravatar.com\/avatar\/4fe45c4c426fb5aa4064d00ab9add0ae2ca6ed3b17aeb23f05d9f8cd81f0f6c8?s=96&d=mm&r=g","url":"https:\/\/secure.gravatar.com\/avatar\/4fe45c4c426fb5aa4064d00ab9add0ae2ca6ed3b17aeb23f05d9f8cd81f0f6c8?s=96&d=mm&r=g","contentUrl":"https:\/\/secure.gravatar.com\/avatar\/4fe45c4c426fb5aa4064d00ab9add0ae2ca6ed3b17aeb23f05d9f8cd81f0f6c8?s=96&d=mm&r=g","caption":"WeAreBlow"},"sameAs":["https:\/\/acoustique-conseil.com"]}]}},"_links":{"self":[{"href":"https:\/\/acoustique-conseil.com\/en\/wp-json\/wp\/v2\/posts\/6822","targetHints":{"allow":["GET"]}}],"collection":[{"href":"https:\/\/acoustique-conseil.com\/en\/wp-json\/wp\/v2\/posts"}],"about":[{"href":"https:\/\/acoustique-conseil.com\/en\/wp-json\/wp\/v2\/types\/post"}],"author":[{"embeddable":true,"href":"https:\/\/acoustique-conseil.com\/en\/wp-json\/wp\/v2\/users\/2"}],"replies":[{"embeddable":true,"href":"https:\/\/acoustique-conseil.com\/en\/wp-json\/wp\/v2\/comments?post=6822"}],"version-history":[{"count":1,"href":"https:\/\/acoustique-conseil.com\/en\/wp-json\/wp\/v2\/posts\/6822\/revisions"}],"predecessor-version":[{"id":6823,"href":"https:\/\/acoustique-conseil.com\/en\/wp-json\/wp\/v2\/posts\/6822\/revisions\/6823"}],"wp:featuredmedia":[{"embeddable":true,"href":"https:\/\/acoustique-conseil.com\/en\/wp-json\/wp\/v2\/media\/5906"}],"wp:attachment":[{"href":"https:\/\/acoustique-conseil.com\/en\/wp-json\/wp\/v2\/media?parent=6822"}],"wp:term":[{"taxonomy":"category","embeddable":true,"href":"https:\/\/acoustique-conseil.com\/en\/wp-json\/wp\/v2\/categories?post=6822"},{"taxonomy":"post_tag","embeddable":true,"href":"https:\/\/acoustique-conseil.com\/en\/wp-json\/wp\/v2\/tags?post=6822"}],"curies":[{"name":"wp","href":"https:\/\/api.w.org\/{rel}","templated":true}]}}