{"id":6832,"date":"2019-04-09T14:25:00","date_gmt":"2019-04-09T12:25:00","guid":{"rendered":"https:\/\/acoustique-conseil.com\/mipim-2019-le-projet-15-laborde-recompense-dans-la-categorie-centre-daffaires\/"},"modified":"2025-04-28T14:37:04","modified_gmt":"2025-04-28T12:37:04","slug":"mipim-2019-le-projet-15-laborde-recompense-dans-la-categorie-centre-daffaires","status":"publish","type":"post","link":"https:\/\/acoustique-conseil.com\/en\/mipim-2019-le-projet-15-laborde-recompense-dans-la-categorie-centre-daffaires\/","title":{"rendered":"MIPIM 2019 : le projet 15 Laborde r\u00e9compens\u00e9 dans la cat\u00e9gorie Centre d&#8217;Affaires"},"content":{"rendered":"[vc_row type=&#8221;in_container&#8221; full_screen_row_position=&#8221;middle&#8221; column_margin=&#8221;default&#8221; column_direction=&#8221;default&#8221; column_direction_tablet=&#8221;default&#8221; column_direction_phone=&#8221;default&#8221; scene_position=&#8221;center&#8221; text_color=&#8221;dark&#8221; text_align=&#8221;left&#8221; row_border_radius=&#8221;none&#8221; row_border_radius_applies=&#8221;bg&#8221; overflow=&#8221;visible&#8221; overlay_strength=&#8221;0.3&#8243; gradient_direction=&#8221;left_to_right&#8221; shape_divider_position=&#8221;bottom&#8221; bg_image_animation=&#8221;none&#8221;][vc_column column_padding=&#8221;no-extra-padding&#8221; column_padding_tablet=&#8221;inherit&#8221; column_padding_phone=&#8221;inherit&#8221; column_padding_position=&#8221;all&#8221; column_element_direction_desktop=&#8221;default&#8221; column_element_spacing=&#8221;default&#8221; desktop_text_alignment=&#8221;default&#8221; tablet_text_alignment=&#8221;default&#8221; phone_text_alignment=&#8221;default&#8221; background_color_opacity=&#8221;1&#8243; background_hover_color_opacity=&#8221;1&#8243; column_backdrop_filter=&#8221;none&#8221; column_shadow=&#8221;none&#8221; column_border_radius=&#8221;none&#8221; column_link_target=&#8221;_self&#8221; column_position=&#8221;default&#8221; gradient_direction=&#8221;left_to_right&#8221; overlay_strength=&#8221;0.3&#8243; width=&#8221;1\/1&#8243; tablet_width_inherit=&#8221;default&#8221; animation_type=&#8221;default&#8221; bg_image_animation=&#8221;none&#8221; border_type=&#8221;simple&#8221; column_border_width=&#8221;none&#8221; column_border_style=&#8221;solid&#8221;][vc_column_text css=&#8221;&#8221; text_direction=&#8221;default&#8221;]Apr\u00e8s une ann\u00e9e d\u2019\u00e9tudes et deux ann\u00e9es de travaux, l\u2019ancienne caserne P\u00e9pini\u00e8re d\u00e9voile son nouveau visage au 15 rue de Laborde, alliant patrimoine et modernit\u00e9. Ce b\u00e2timent de 19 000 m\u00b2, con\u00e7u par PCA Stream, r\u00e9alis\u00e9 par Eiffage Construction, accueille d\u00e9sormais les 700 collaborateurs du cabinet d\u2019avocats Gide Loyrette et Nouel. Le MIPIM a salu\u00e9 cette r\u00e9ussite en lui d\u00e9cernant le prix du Meilleur centre d\u2019affaires.<\/p>\n<p>Acoustique &amp; Conseil a accompagn\u00e9 l\u2019\u00e9quipe de Ma\u00eetrise d\u2019\u0153uvre dans l\u2019obtention des certifications BREEAM et HQE, puis a r\u00e9alis\u00e9 les \u00e9tudes acoustiques et l\u2019accompagnement de GIDE et de l\u2019architecte int\u00e9rieur ARCHIMAGE pour l\u2019am\u00e9nagement des bureaux et des espaces communs.<\/p>\n<p>Pour en savoir plus :<br \/>\n<a href=\"https:\/\/www.gide.com\/fr\/actualites\/laborde-le-nouveau-siege-de-gide-concu-par-lagence-darchitecture-pca-stream-laureat-dans\" target=\"_blank\" rel=\"noopener\">https:\/\/www.gide.com\/fr\/actualites\/laborde-le-nouveau-siege-de-gide-conc&#8230;<\/a>[\/vc_column_text][\/vc_column][\/vc_row][vc_row type=&#8221;in_container&#8221; full_screen_row_position=&#8221;middle&#8221; column_margin=&#8221;default&#8221; column_direction=&#8221;default&#8221; column_direction_tablet=&#8221;default&#8221; column_direction_phone=&#8221;default&#8221; scene_position=&#8221;center&#8221; text_color=&#8221;dark&#8221; text_align=&#8221;left&#8221; row_border_radius=&#8221;none&#8221; row_border_radius_applies=&#8221;bg&#8221; overflow=&#8221;visible&#8221; overlay_strength=&#8221;0.3&#8243; gradient_direction=&#8221;left_to_right&#8221; shape_divider_position=&#8221;bottom&#8221; bg_image_animation=&#8221;none&#8221;][vc_column column_padding=&#8221;no-extra-padding&#8221; column_padding_tablet=&#8221;inherit&#8221; column_padding_phone=&#8221;inherit&#8221; column_padding_position=&#8221;all&#8221; column_element_direction_desktop=&#8221;default&#8221; column_element_spacing=&#8221;default&#8221; desktop_text_alignment=&#8221;default&#8221; tablet_text_alignment=&#8221;default&#8221; phone_text_alignment=&#8221;default&#8221; background_color_opacity=&#8221;1&#8243; background_hover_color_opacity=&#8221;1&#8243; column_backdrop_filter=&#8221;none&#8221; column_shadow=&#8221;none&#8221; column_border_radius=&#8221;none&#8221; column_link_target=&#8221;_self&#8221; column_position=&#8221;default&#8221; gradient_direction=&#8221;left_to_right&#8221; overlay_strength=&#8221;0.3&#8243; width=&#8221;1\/1&#8243; tablet_width_inherit=&#8221;default&#8221; animation_type=&#8221;default&#8221; bg_image_animation=&#8221;none&#8221; border_type=&#8221;simple&#8221; column_border_width=&#8221;none&#8221; column_border_style=&#8221;solid&#8221;][nectar_global_section id=&#8221;6718&#8243;][\/vc_column][\/vc_row]\n","protected":false},"excerpt":{"rendered":"<p>[vc_row type=&#8221;in_container&#8221; full_screen_row_position=&#8221;middle&#8221; column_margin=&#8221;default&#8221; column_direction=&#8221;default&#8221; column_direction_tablet=&#8221;default&#8221; column_direction_phone=&#8221;default&#8221; scene_position=&#8221;center&#8221; text_color=&#8221;dark&#8221; text_align=&#8221;left&#8221; row_border_radius=&#8221;none&#8221; row_border_radius_applies=&#8221;bg&#8221; overflow=&#8221;visible&#8221; overlay_strength=&#8221;0.3&#8243; gradient_direction=&#8221;left_to_right&#8221; shape_divider_position=&#8221;bottom&#8221; bg_image_animation=&#8221;none&#8221;][vc_column column_padding=&#8221;no-extra-padding&#8221; column_padding_tablet=&#8221;inherit&#8221; column_padding_phone=&#8221;inherit&#8221; column_padding_position=&#8221;all&#8221; column_element_direction_desktop=&#8221;default&#8221; column_element_spacing=&#8221;default&#8221; desktop_text_alignment=&#8221;default&#8221; tablet_text_alignment=&#8221;default&#8221; phone_text_alignment=&#8221;default&#8221; background_color_opacity=&#8221;1&#8243; background_hover_color_opacity=&#8221;1&#8243; column_backdrop_filter=&#8221;none&#8221; column_shadow=&#8221;none&#8221;&#8230;<\/p>\n","protected":false},"author":2,"featured_media":5911,"comment_status":"closed","ping_status":"open","sticky":false,"template":"","format":"standard","meta":{"_acf_changed":false,"footnotes":""},"categories":[246],"tags":[],"class_list":{"0":"post-6832","1":"post","2":"type-post","3":"status-publish","4":"format-standard","5":"has-post-thumbnail","7":"category-actualites-en"},"acf":[],"yoast_head":"<!-- This site is optimized with the Yoast SEO plugin v27.5 - https:\/\/yoast.com\/product\/yoast-seo-wordpress\/ -->\n<title>MIPIM 2019 : le projet 15 Laborde r\u00e9compens\u00e9 dans la cat\u00e9gorie Centre d&#039;Affaires - Acoustique &amp; Conseil<\/title>\n<meta name=\"description\" content=\"Apr\u00e8s une ann\u00e9e d\u2019\u00e9tudes et deux ann\u00e9es de travaux, l\u2019ancienne caserne P\u00e9pini\u00e8re d\u00e9voile son nouveau visage au 15 rue de Laborde, alliant patrimoine et modernit\u00e9.\" \/>\n<meta name=\"robots\" content=\"index, follow, max-snippet:-1, max-image-preview:large, max-video-preview:-1\" \/>\n<link rel=\"canonical\" href=\"https:\/\/acoustique-conseil.com\/en\/mipim-2019-le-projet-15-laborde-recompense-dans-la-categorie-centre-daffaires\/\" \/>\n<meta property=\"og:locale\" content=\"en_US\" \/>\n<meta property=\"og:type\" content=\"article\" \/>\n<meta property=\"og:title\" content=\"MIPIM 2019 : le projet 15 Laborde r\u00e9compens\u00e9 dans la cat\u00e9gorie Centre d&#039;Affaires - Acoustique &amp; Conseil\" \/>\n<meta property=\"og:description\" content=\"Apr\u00e8s une ann\u00e9e d\u2019\u00e9tudes et deux ann\u00e9es de travaux, l\u2019ancienne caserne P\u00e9pini\u00e8re d\u00e9voile son nouveau visage au 15 rue de Laborde, alliant patrimoine et modernit\u00e9.\" \/>\n<meta property=\"og:url\" content=\"https:\/\/acoustique-conseil.com\/en\/mipim-2019-le-projet-15-laborde-recompense-dans-la-categorie-centre-daffaires\/\" \/>\n<meta property=\"og:site_name\" content=\"Acoustique &amp; Conseil\" \/>\n<meta property=\"article:published_time\" content=\"2019-04-09T12:25:00+00:00\" \/>\n<meta property=\"article:modified_time\" content=\"2025-04-28T12:37:04+00:00\" \/>\n<meta property=\"og:image\" content=\"https:\/\/acoustique-conseil.com\/wp-content\/uploads\/2024\/10\/21_pca-stream_laborde_ph_jean-philippe_mesguen_full_0.jpg\" \/>\n\t<meta property=\"og:image:width\" content=\"512\" \/>\n\t<meta property=\"og:image:height\" content=\"512\" \/>\n\t<meta property=\"og:image:type\" content=\"image\/jpeg\" \/>\n<meta name=\"author\" content=\"WeAreBlow\" \/>\n<meta name=\"twitter:card\" content=\"summary_large_image\" \/>\n<meta name=\"twitter:label1\" content=\"Written by\" \/>\n\t<meta name=\"twitter:data1\" content=\"WeAreBlow\" \/>\n\t<meta name=\"twitter:label2\" content=\"Est. reading time\" \/>\n\t<meta name=\"twitter:data2\" content=\"1 minute\" \/>\n<script type=\"application\/ld+json\" class=\"yoast-schema-graph\">{\"@context\":\"https:\\\/\\\/schema.org\",\"@graph\":[{\"@type\":\"Article\",\"@id\":\"https:\\\/\\\/acoustique-conseil.com\\\/en\\\/mipim-2019-le-projet-15-laborde-recompense-dans-la-categorie-centre-daffaires\\\/#article\",\"isPartOf\":{\"@id\":\"https:\\\/\\\/acoustique-conseil.com\\\/en\\\/mipim-2019-le-projet-15-laborde-recompense-dans-la-categorie-centre-daffaires\\\/\"},\"author\":{\"name\":\"WeAreBlow\",\"@id\":\"https:\\\/\\\/acoustique-conseil.com\\\/en\\\/#\\\/schema\\\/person\\\/a46440b6454d8f5dc0c443e1471dad5c\"},\"headline\":\"MIPIM 2019 : le projet 15 Laborde r\u00e9compens\u00e9 dans la cat\u00e9gorie Centre d&#8217;Affaires\",\"datePublished\":\"2019-04-09T12:25:00+00:00\",\"dateModified\":\"2025-04-28T12:37:04+00:00\",\"mainEntityOfPage\":{\"@id\":\"https:\\\/\\\/acoustique-conseil.com\\\/en\\\/mipim-2019-le-projet-15-laborde-recompense-dans-la-categorie-centre-daffaires\\\/\"},\"wordCount\":477,\"image\":{\"@id\":\"https:\\\/\\\/acoustique-conseil.com\\\/en\\\/mipim-2019-le-projet-15-laborde-recompense-dans-la-categorie-centre-daffaires\\\/#primaryimage\"},\"thumbnailUrl\":\"https:\\\/\\\/acoustique-conseil.com\\\/wp-content\\\/uploads\\\/2024\\\/10\\\/21_pca-stream_laborde_ph_jean-philippe_mesguen_full_0.jpg\",\"articleSection\":[\"Actualit\u00e9s\"],\"inLanguage\":\"en-US\"},{\"@type\":\"WebPage\",\"@id\":\"https:\\\/\\\/acoustique-conseil.com\\\/en\\\/mipim-2019-le-projet-15-laborde-recompense-dans-la-categorie-centre-daffaires\\\/\",\"url\":\"https:\\\/\\\/acoustique-conseil.com\\\/en\\\/mipim-2019-le-projet-15-laborde-recompense-dans-la-categorie-centre-daffaires\\\/\",\"name\":\"MIPIM 2019 : le projet 15 Laborde r\u00e9compens\u00e9 dans la cat\u00e9gorie Centre d'Affaires - Acoustique &amp; Conseil\",\"isPartOf\":{\"@id\":\"https:\\\/\\\/acoustique-conseil.com\\\/en\\\/#website\"},\"primaryImageOfPage\":{\"@id\":\"https:\\\/\\\/acoustique-conseil.com\\\/en\\\/mipim-2019-le-projet-15-laborde-recompense-dans-la-categorie-centre-daffaires\\\/#primaryimage\"},\"image\":{\"@id\":\"https:\\\/\\\/acoustique-conseil.com\\\/en\\\/mipim-2019-le-projet-15-laborde-recompense-dans-la-categorie-centre-daffaires\\\/#primaryimage\"},\"thumbnailUrl\":\"https:\\\/\\\/acoustique-conseil.com\\\/wp-content\\\/uploads\\\/2024\\\/10\\\/21_pca-stream_laborde_ph_jean-philippe_mesguen_full_0.jpg\",\"datePublished\":\"2019-04-09T12:25:00+00:00\",\"dateModified\":\"2025-04-28T12:37:04+00:00\",\"author\":{\"@id\":\"https:\\\/\\\/acoustique-conseil.com\\\/en\\\/#\\\/schema\\\/person\\\/a46440b6454d8f5dc0c443e1471dad5c\"},\"description\":\"Apr\u00e8s une ann\u00e9e d\u2019\u00e9tudes et deux ann\u00e9es de travaux, l\u2019ancienne caserne P\u00e9pini\u00e8re d\u00e9voile son nouveau visage au 15 rue de Laborde, alliant patrimoine et modernit\u00e9.\",\"breadcrumb\":{\"@id\":\"https:\\\/\\\/acoustique-conseil.com\\\/en\\\/mipim-2019-le-projet-15-laborde-recompense-dans-la-categorie-centre-daffaires\\\/#breadcrumb\"},\"inLanguage\":\"en-US\",\"potentialAction\":[{\"@type\":\"ReadAction\",\"target\":[\"https:\\\/\\\/acoustique-conseil.com\\\/en\\\/mipim-2019-le-projet-15-laborde-recompense-dans-la-categorie-centre-daffaires\\\/\"]}]},{\"@type\":\"ImageObject\",\"inLanguage\":\"en-US\",\"@id\":\"https:\\\/\\\/acoustique-conseil.com\\\/en\\\/mipim-2019-le-projet-15-laborde-recompense-dans-la-categorie-centre-daffaires\\\/#primaryimage\",\"url\":\"https:\\\/\\\/acoustique-conseil.com\\\/wp-content\\\/uploads\\\/2024\\\/10\\\/21_pca-stream_laborde_ph_jean-philippe_mesguen_full_0.jpg\",\"contentUrl\":\"https:\\\/\\\/acoustique-conseil.com\\\/wp-content\\\/uploads\\\/2024\\\/10\\\/21_pca-stream_laborde_ph_jean-philippe_mesguen_full_0.jpg\",\"width\":512,\"height\":512},{\"@type\":\"BreadcrumbList\",\"@id\":\"https:\\\/\\\/acoustique-conseil.com\\\/en\\\/mipim-2019-le-projet-15-laborde-recompense-dans-la-categorie-centre-daffaires\\\/#breadcrumb\",\"itemListElement\":[{\"@type\":\"ListItem\",\"position\":1,\"name\":\"Accueil\",\"item\":\"https:\\\/\\\/acoustique-conseil.com\\\/en\\\/\"},{\"@type\":\"ListItem\",\"position\":2,\"name\":\"Actualit\u00e9s\",\"item\":\"https:\\\/\\\/acoustique-conseil.com\\\/en\\\/category\\\/actualites-en\\\/\"},{\"@type\":\"ListItem\",\"position\":3,\"name\":\"MIPIM 2019 : le projet 15 Laborde r\u00e9compens\u00e9 dans la cat\u00e9gorie Centre d&rsquo;Affaires\"}]},{\"@type\":\"WebSite\",\"@id\":\"https:\\\/\\\/acoustique-conseil.com\\\/en\\\/#website\",\"url\":\"https:\\\/\\\/acoustique-conseil.com\\\/en\\\/\",\"name\":\"Acoustique &amp; Conseil\",\"description\":\"Bureau d&#039;\u00e9tude en acoustique et vibrations\",\"potentialAction\":[{\"@type\":\"SearchAction\",\"target\":{\"@type\":\"EntryPoint\",\"urlTemplate\":\"https:\\\/\\\/acoustique-conseil.com\\\/en\\\/?s={search_term_string}\"},\"query-input\":{\"@type\":\"PropertyValueSpecification\",\"valueRequired\":true,\"valueName\":\"search_term_string\"}}],\"inLanguage\":\"en-US\"},{\"@type\":\"Person\",\"@id\":\"https:\\\/\\\/acoustique-conseil.com\\\/en\\\/#\\\/schema\\\/person\\\/a46440b6454d8f5dc0c443e1471dad5c\",\"name\":\"WeAreBlow\",\"image\":{\"@type\":\"ImageObject\",\"inLanguage\":\"en-US\",\"@id\":\"https:\\\/\\\/secure.gravatar.com\\\/avatar\\\/4fe45c4c426fb5aa4064d00ab9add0ae2ca6ed3b17aeb23f05d9f8cd81f0f6c8?s=96&d=mm&r=g\",\"url\":\"https:\\\/\\\/secure.gravatar.com\\\/avatar\\\/4fe45c4c426fb5aa4064d00ab9add0ae2ca6ed3b17aeb23f05d9f8cd81f0f6c8?s=96&d=mm&r=g\",\"contentUrl\":\"https:\\\/\\\/secure.gravatar.com\\\/avatar\\\/4fe45c4c426fb5aa4064d00ab9add0ae2ca6ed3b17aeb23f05d9f8cd81f0f6c8?s=96&d=mm&r=g\",\"caption\":\"WeAreBlow\"},\"sameAs\":[\"https:\\\/\\\/acoustique-conseil.com\"]}]}<\/script>\n<!-- \/ Yoast SEO plugin. -->","yoast_head_json":{"title":"MIPIM 2019 : le projet 15 Laborde r\u00e9compens\u00e9 dans la cat\u00e9gorie Centre d'Affaires - Acoustique &amp; Conseil","description":"Apr\u00e8s une ann\u00e9e d\u2019\u00e9tudes et deux ann\u00e9es de travaux, l\u2019ancienne caserne P\u00e9pini\u00e8re d\u00e9voile son nouveau visage au 15 rue de Laborde, alliant patrimoine et modernit\u00e9.","robots":{"index":"index","follow":"follow","max-snippet":"max-snippet:-1","max-image-preview":"max-image-preview:large","max-video-preview":"max-video-preview:-1"},"canonical":"https:\/\/acoustique-conseil.com\/en\/mipim-2019-le-projet-15-laborde-recompense-dans-la-categorie-centre-daffaires\/","og_locale":"en_US","og_type":"article","og_title":"MIPIM 2019 : le projet 15 Laborde r\u00e9compens\u00e9 dans la cat\u00e9gorie Centre d'Affaires - Acoustique &amp; Conseil","og_description":"Apr\u00e8s une ann\u00e9e d\u2019\u00e9tudes et deux ann\u00e9es de travaux, l\u2019ancienne caserne P\u00e9pini\u00e8re d\u00e9voile son nouveau visage au 15 rue de Laborde, alliant patrimoine et modernit\u00e9.","og_url":"https:\/\/acoustique-conseil.com\/en\/mipim-2019-le-projet-15-laborde-recompense-dans-la-categorie-centre-daffaires\/","og_site_name":"Acoustique &amp; Conseil","article_published_time":"2019-04-09T12:25:00+00:00","article_modified_time":"2025-04-28T12:37:04+00:00","og_image":[{"width":512,"height":512,"url":"https:\/\/acoustique-conseil.com\/wp-content\/uploads\/2024\/10\/21_pca-stream_laborde_ph_jean-philippe_mesguen_full_0.jpg","type":"image\/jpeg"}],"author":"WeAreBlow","twitter_card":"summary_large_image","twitter_misc":{"Written by":"WeAreBlow","Est. reading time":"1 minute"},"schema":{"@context":"https:\/\/schema.org","@graph":[{"@type":"Article","@id":"https:\/\/acoustique-conseil.com\/en\/mipim-2019-le-projet-15-laborde-recompense-dans-la-categorie-centre-daffaires\/#article","isPartOf":{"@id":"https:\/\/acoustique-conseil.com\/en\/mipim-2019-le-projet-15-laborde-recompense-dans-la-categorie-centre-daffaires\/"},"author":{"name":"WeAreBlow","@id":"https:\/\/acoustique-conseil.com\/en\/#\/schema\/person\/a46440b6454d8f5dc0c443e1471dad5c"},"headline":"MIPIM 2019 : le projet 15 Laborde r\u00e9compens\u00e9 dans la cat\u00e9gorie Centre d&#8217;Affaires","datePublished":"2019-04-09T12:25:00+00:00","dateModified":"2025-04-28T12:37:04+00:00","mainEntityOfPage":{"@id":"https:\/\/acoustique-conseil.com\/en\/mipim-2019-le-projet-15-laborde-recompense-dans-la-categorie-centre-daffaires\/"},"wordCount":477,"image":{"@id":"https:\/\/acoustique-conseil.com\/en\/mipim-2019-le-projet-15-laborde-recompense-dans-la-categorie-centre-daffaires\/#primaryimage"},"thumbnailUrl":"https:\/\/acoustique-conseil.com\/wp-content\/uploads\/2024\/10\/21_pca-stream_laborde_ph_jean-philippe_mesguen_full_0.jpg","articleSection":["Actualit\u00e9s"],"inLanguage":"en-US"},{"@type":"WebPage","@id":"https:\/\/acoustique-conseil.com\/en\/mipim-2019-le-projet-15-laborde-recompense-dans-la-categorie-centre-daffaires\/","url":"https:\/\/acoustique-conseil.com\/en\/mipim-2019-le-projet-15-laborde-recompense-dans-la-categorie-centre-daffaires\/","name":"MIPIM 2019 : le projet 15 Laborde r\u00e9compens\u00e9 dans la cat\u00e9gorie Centre d'Affaires - Acoustique &amp; Conseil","isPartOf":{"@id":"https:\/\/acoustique-conseil.com\/en\/#website"},"primaryImageOfPage":{"@id":"https:\/\/acoustique-conseil.com\/en\/mipim-2019-le-projet-15-laborde-recompense-dans-la-categorie-centre-daffaires\/#primaryimage"},"image":{"@id":"https:\/\/acoustique-conseil.com\/en\/mipim-2019-le-projet-15-laborde-recompense-dans-la-categorie-centre-daffaires\/#primaryimage"},"thumbnailUrl":"https:\/\/acoustique-conseil.com\/wp-content\/uploads\/2024\/10\/21_pca-stream_laborde_ph_jean-philippe_mesguen_full_0.jpg","datePublished":"2019-04-09T12:25:00+00:00","dateModified":"2025-04-28T12:37:04+00:00","author":{"@id":"https:\/\/acoustique-conseil.com\/en\/#\/schema\/person\/a46440b6454d8f5dc0c443e1471dad5c"},"description":"Apr\u00e8s une ann\u00e9e d\u2019\u00e9tudes et deux ann\u00e9es de travaux, l\u2019ancienne caserne P\u00e9pini\u00e8re d\u00e9voile son nouveau visage au 15 rue de Laborde, alliant patrimoine et modernit\u00e9.","breadcrumb":{"@id":"https:\/\/acoustique-conseil.com\/en\/mipim-2019-le-projet-15-laborde-recompense-dans-la-categorie-centre-daffaires\/#breadcrumb"},"inLanguage":"en-US","potentialAction":[{"@type":"ReadAction","target":["https:\/\/acoustique-conseil.com\/en\/mipim-2019-le-projet-15-laborde-recompense-dans-la-categorie-centre-daffaires\/"]}]},{"@type":"ImageObject","inLanguage":"en-US","@id":"https:\/\/acoustique-conseil.com\/en\/mipim-2019-le-projet-15-laborde-recompense-dans-la-categorie-centre-daffaires\/#primaryimage","url":"https:\/\/acoustique-conseil.com\/wp-content\/uploads\/2024\/10\/21_pca-stream_laborde_ph_jean-philippe_mesguen_full_0.jpg","contentUrl":"https:\/\/acoustique-conseil.com\/wp-content\/uploads\/2024\/10\/21_pca-stream_laborde_ph_jean-philippe_mesguen_full_0.jpg","width":512,"height":512},{"@type":"BreadcrumbList","@id":"https:\/\/acoustique-conseil.com\/en\/mipim-2019-le-projet-15-laborde-recompense-dans-la-categorie-centre-daffaires\/#breadcrumb","itemListElement":[{"@type":"ListItem","position":1,"name":"Accueil","item":"https:\/\/acoustique-conseil.com\/en\/"},{"@type":"ListItem","position":2,"name":"Actualit\u00e9s","item":"https:\/\/acoustique-conseil.com\/en\/category\/actualites-en\/"},{"@type":"ListItem","position":3,"name":"MIPIM 2019 : le projet 15 Laborde r\u00e9compens\u00e9 dans la cat\u00e9gorie Centre d&rsquo;Affaires"}]},{"@type":"WebSite","@id":"https:\/\/acoustique-conseil.com\/en\/#website","url":"https:\/\/acoustique-conseil.com\/en\/","name":"Acoustique &amp; Conseil","description":"Bureau d&#039;\u00e9tude en acoustique et vibrations","potentialAction":[{"@type":"SearchAction","target":{"@type":"EntryPoint","urlTemplate":"https:\/\/acoustique-conseil.com\/en\/?s={search_term_string}"},"query-input":{"@type":"PropertyValueSpecification","valueRequired":true,"valueName":"search_term_string"}}],"inLanguage":"en-US"},{"@type":"Person","@id":"https:\/\/acoustique-conseil.com\/en\/#\/schema\/person\/a46440b6454d8f5dc0c443e1471dad5c","name":"WeAreBlow","image":{"@type":"ImageObject","inLanguage":"en-US","@id":"https:\/\/secure.gravatar.com\/avatar\/4fe45c4c426fb5aa4064d00ab9add0ae2ca6ed3b17aeb23f05d9f8cd81f0f6c8?s=96&d=mm&r=g","url":"https:\/\/secure.gravatar.com\/avatar\/4fe45c4c426fb5aa4064d00ab9add0ae2ca6ed3b17aeb23f05d9f8cd81f0f6c8?s=96&d=mm&r=g","contentUrl":"https:\/\/secure.gravatar.com\/avatar\/4fe45c4c426fb5aa4064d00ab9add0ae2ca6ed3b17aeb23f05d9f8cd81f0f6c8?s=96&d=mm&r=g","caption":"WeAreBlow"},"sameAs":["https:\/\/acoustique-conseil.com"]}]}},"_links":{"self":[{"href":"https:\/\/acoustique-conseil.com\/en\/wp-json\/wp\/v2\/posts\/6832","targetHints":{"allow":["GET"]}}],"collection":[{"href":"https:\/\/acoustique-conseil.com\/en\/wp-json\/wp\/v2\/posts"}],"about":[{"href":"https:\/\/acoustique-conseil.com\/en\/wp-json\/wp\/v2\/types\/post"}],"author":[{"embeddable":true,"href":"https:\/\/acoustique-conseil.com\/en\/wp-json\/wp\/v2\/users\/2"}],"replies":[{"embeddable":true,"href":"https:\/\/acoustique-conseil.com\/en\/wp-json\/wp\/v2\/comments?post=6832"}],"version-history":[{"count":2,"href":"https:\/\/acoustique-conseil.com\/en\/wp-json\/wp\/v2\/posts\/6832\/revisions"}],"predecessor-version":[{"id":6842,"href":"https:\/\/acoustique-conseil.com\/en\/wp-json\/wp\/v2\/posts\/6832\/revisions\/6842"}],"wp:featuredmedia":[{"embeddable":true,"href":"https:\/\/acoustique-conseil.com\/en\/wp-json\/wp\/v2\/media\/5911"}],"wp:attachment":[{"href":"https:\/\/acoustique-conseil.com\/en\/wp-json\/wp\/v2\/media?parent=6832"}],"wp:term":[{"taxonomy":"category","embeddable":true,"href":"https:\/\/acoustique-conseil.com\/en\/wp-json\/wp\/v2\/categories?post=6832"},{"taxonomy":"post_tag","embeddable":true,"href":"https:\/\/acoustique-conseil.com\/en\/wp-json\/wp\/v2\/tags?post=6832"}],"curies":[{"name":"wp","href":"https:\/\/api.w.org\/{rel}","templated":true}]}}