{"id":6853,"date":"2017-12-18T14:55:11","date_gmt":"2017-12-18T13:55:11","guid":{"rendered":"https:\/\/acoustique-conseil.com\/lunesco-adopte-la-charte-sur-limportance-du-son\/"},"modified":"2025-04-28T14:42:29","modified_gmt":"2025-04-28T12:42:29","slug":"lunesco-adopte-la-charte-sur-limportance-du-son","status":"publish","type":"post","link":"https:\/\/acoustique-conseil.com\/en\/lunesco-adopte-la-charte-sur-limportance-du-son\/","title":{"rendered":"L\u2019UNESCO adopte la charte sur l\u2019importance du son"},"content":{"rendered":"[vc_row type=&#8221;in_container&#8221; full_screen_row_position=&#8221;middle&#8221; column_margin=&#8221;default&#8221; column_direction=&#8221;default&#8221; column_direction_tablet=&#8221;default&#8221; column_direction_phone=&#8221;default&#8221; scene_position=&#8221;center&#8221; text_color=&#8221;dark&#8221; text_align=&#8221;left&#8221; row_border_radius=&#8221;none&#8221; row_border_radius_applies=&#8221;bg&#8221; overflow=&#8221;visible&#8221; overlay_strength=&#8221;0.3&#8243; gradient_direction=&#8221;left_to_right&#8221; shape_divider_position=&#8221;bottom&#8221; bg_image_animation=&#8221;none&#8221;][vc_column column_padding=&#8221;no-extra-padding&#8221; column_padding_tablet=&#8221;inherit&#8221; column_padding_phone=&#8221;inherit&#8221; column_padding_position=&#8221;all&#8221; column_element_direction_desktop=&#8221;default&#8221; column_element_spacing=&#8221;default&#8221; desktop_text_alignment=&#8221;default&#8221; tablet_text_alignment=&#8221;default&#8221; phone_text_alignment=&#8221;default&#8221; background_color_opacity=&#8221;1&#8243; background_hover_color_opacity=&#8221;1&#8243; column_backdrop_filter=&#8221;none&#8221; column_shadow=&#8221;none&#8221; column_border_radius=&#8221;none&#8221; column_link_target=&#8221;_self&#8221; column_position=&#8221;default&#8221; gradient_direction=&#8221;left_to_right&#8221; overlay_strength=&#8221;0.3&#8243; width=&#8221;1\/1&#8243; tablet_width_inherit=&#8221;default&#8221; animation_type=&#8221;default&#8221; bg_image_animation=&#8221;none&#8221; border_type=&#8221;simple&#8221; column_border_width=&#8221;none&#8221; column_border_style=&#8221;solid&#8221;][vc_column_text css=&#8221;&#8221; text_direction=&#8221;default&#8221;]La r\u00e9solution 39C\/49 baptis\u00e9e \u00ab L\u2019importance du son dans le monde actuel : promouvoir les bonnes pratiques \u00bb a \u00e9t\u00e9 adopt\u00e9e \u00e0 l\u2019unanimit\u00e9 \u00e0 l&#8217;UNESCO le 31 octobre 2017. Elle traite de sant\u00e9 auditive, d\u2019environnement sonore, de techniques d\u2019enregistrement et de diffusion, de la relation entre l\u2019image et le son et enfin, de l\u2019expression musicale et de p\u00e9dagogie. C<\/p>\n<p>ette charte avait \u00e9t\u00e9 pr\u00e9sent\u00e9e \u00e0 l\u2019UNESCO en janvier 2016 lors de la Semaine du Son, sous l\u2019impulsion de la France avec le soutien de l\u2019Argentine, du Japon et du Liban.<\/p>\n<p>Il s\u2019agit d\u2019une belle victoire pour tous les acteurs du monde de l\u2019acoustique et plus en g\u00e9n\u00e9ral, d\u2019un grand pas en avant pour le respect du bien-\u00eatre des citoyens !<br \/>\nLa charte est \u00e0 consulter sur le lien ci-dessous :<br \/>\n<a href=\"http:\/\/unesdoc.unesco.org\/images\/0025\/002591\/259172f.pdf\" target=\"_blank\" rel=\"noopener\">http:\/\/unesdoc.unesco.org\/images\/0025\/002591\/259172f.pdf<\/a>[\/vc_column_text][\/vc_column][\/vc_row][vc_row type=&#8221;in_container&#8221; full_screen_row_position=&#8221;middle&#8221; column_margin=&#8221;default&#8221; column_direction=&#8221;default&#8221; column_direction_tablet=&#8221;default&#8221; column_direction_phone=&#8221;default&#8221; scene_position=&#8221;center&#8221; text_color=&#8221;dark&#8221; text_align=&#8221;left&#8221; row_border_radius=&#8221;none&#8221; row_border_radius_applies=&#8221;bg&#8221; overflow=&#8221;visible&#8221; overlay_strength=&#8221;0.3&#8243; gradient_direction=&#8221;left_to_right&#8221; shape_divider_position=&#8221;bottom&#8221; bg_image_animation=&#8221;none&#8221;][vc_column column_padding=&#8221;no-extra-padding&#8221; column_padding_tablet=&#8221;inherit&#8221; column_padding_phone=&#8221;inherit&#8221; column_padding_position=&#8221;all&#8221; column_element_direction_desktop=&#8221;default&#8221; column_element_spacing=&#8221;default&#8221; desktop_text_alignment=&#8221;default&#8221; tablet_text_alignment=&#8221;default&#8221; phone_text_alignment=&#8221;default&#8221; background_color_opacity=&#8221;1&#8243; background_hover_color_opacity=&#8221;1&#8243; column_backdrop_filter=&#8221;none&#8221; column_shadow=&#8221;none&#8221; column_border_radius=&#8221;none&#8221; column_link_target=&#8221;_self&#8221; column_position=&#8221;default&#8221; gradient_direction=&#8221;left_to_right&#8221; overlay_strength=&#8221;0.3&#8243; width=&#8221;1\/1&#8243; tablet_width_inherit=&#8221;default&#8221; animation_type=&#8221;default&#8221; bg_image_animation=&#8221;none&#8221; border_type=&#8221;simple&#8221; column_border_width=&#8221;none&#8221; column_border_style=&#8221;solid&#8221;][nectar_global_section id=&#8221;6718&#8243;][\/vc_column][\/vc_row]\n","protected":false},"excerpt":{"rendered":"<p>[vc_row type=&#8221;in_container&#8221; full_screen_row_position=&#8221;middle&#8221; column_margin=&#8221;default&#8221; column_direction=&#8221;default&#8221; column_direction_tablet=&#8221;default&#8221; column_direction_phone=&#8221;default&#8221; scene_position=&#8221;center&#8221; text_color=&#8221;dark&#8221; text_align=&#8221;left&#8221; row_border_radius=&#8221;none&#8221; row_border_radius_applies=&#8221;bg&#8221; overflow=&#8221;visible&#8221; overlay_strength=&#8221;0.3&#8243; gradient_direction=&#8221;left_to_right&#8221; shape_divider_position=&#8221;bottom&#8221; bg_image_animation=&#8221;none&#8221;][vc_column column_padding=&#8221;no-extra-padding&#8221; column_padding_tablet=&#8221;inherit&#8221; column_padding_phone=&#8221;inherit&#8221; column_padding_position=&#8221;all&#8221; column_element_direction_desktop=&#8221;default&#8221; column_element_spacing=&#8221;default&#8221; desktop_text_alignment=&#8221;default&#8221; tablet_text_alignment=&#8221;default&#8221; phone_text_alignment=&#8221;default&#8221; background_color_opacity=&#8221;1&#8243; background_hover_color_opacity=&#8221;1&#8243; column_backdrop_filter=&#8221;none&#8221; column_shadow=&#8221;none&#8221;&#8230;<\/p>\n","protected":false},"author":2,"featured_media":5918,"comment_status":"closed","ping_status":"open","sticky":false,"template":"","format":"standard","meta":{"_acf_changed":false,"footnotes":""},"categories":[246],"tags":[],"class_list":{"0":"post-6853","1":"post","2":"type-post","3":"status-publish","4":"format-standard","5":"has-post-thumbnail","7":"category-actualites-en"},"acf":[],"yoast_head":"<!-- This site is optimized with the Yoast SEO plugin v27.5 - https:\/\/yoast.com\/product\/yoast-seo-wordpress\/ -->\n<title>L\u2019UNESCO adopte la charte sur l\u2019importance du son - Acoustique &amp; Conseil<\/title>\n<meta name=\"description\" content=\"La r\u00e9solution 39C\/49 baptis\u00e9e \u00ab L\u2019importance du son dans le monde actuel : promouvoir les bonnes pratiques \u00bb a \u00e9t\u00e9 adopt\u00e9e \u00e0 l\u2019unanimit\u00e9 \u00e0 l&#039;UNESCO le 31 octobre 2017.\" \/>\n<meta name=\"robots\" content=\"index, follow, max-snippet:-1, max-image-preview:large, max-video-preview:-1\" \/>\n<link rel=\"canonical\" href=\"https:\/\/acoustique-conseil.com\/en\/lunesco-adopte-la-charte-sur-limportance-du-son\/\" \/>\n<meta property=\"og:locale\" content=\"en_US\" \/>\n<meta property=\"og:type\" content=\"article\" \/>\n<meta property=\"og:title\" content=\"L\u2019UNESCO adopte la charte sur l\u2019importance du son - Acoustique &amp; Conseil\" \/>\n<meta property=\"og:description\" content=\"La r\u00e9solution 39C\/49 baptis\u00e9e \u00ab L\u2019importance du son dans le monde actuel : promouvoir les bonnes pratiques \u00bb a \u00e9t\u00e9 adopt\u00e9e \u00e0 l\u2019unanimit\u00e9 \u00e0 l&#039;UNESCO le 31 octobre 2017.\" \/>\n<meta property=\"og:url\" content=\"https:\/\/acoustique-conseil.com\/en\/lunesco-adopte-la-charte-sur-limportance-du-son\/\" \/>\n<meta property=\"og:site_name\" content=\"Acoustique &amp; Conseil\" \/>\n<meta property=\"article:published_time\" content=\"2017-12-18T13:55:11+00:00\" \/>\n<meta property=\"article:modified_time\" content=\"2025-04-28T12:42:29+00:00\" \/>\n<meta property=\"og:image\" content=\"https:\/\/acoustique-conseil.com\/wp-content\/uploads\/2024\/10\/logo_unesco.jpg\" \/>\n\t<meta property=\"og:image:width\" content=\"512\" \/>\n\t<meta property=\"og:image:height\" content=\"512\" \/>\n\t<meta property=\"og:image:type\" content=\"image\/jpeg\" \/>\n<meta name=\"author\" content=\"WeAreBlow\" \/>\n<meta name=\"twitter:card\" content=\"summary_large_image\" \/>\n<meta name=\"twitter:label1\" content=\"Written by\" \/>\n\t<meta name=\"twitter:data1\" content=\"WeAreBlow\" \/>\n\t<meta name=\"twitter:label2\" content=\"Est. reading time\" \/>\n\t<meta name=\"twitter:data2\" content=\"1 minute\" \/>\n<script type=\"application\/ld+json\" class=\"yoast-schema-graph\">{\"@context\":\"https:\\\/\\\/schema.org\",\"@graph\":[{\"@type\":\"Article\",\"@id\":\"https:\\\/\\\/acoustique-conseil.com\\\/en\\\/lunesco-adopte-la-charte-sur-limportance-du-son\\\/#article\",\"isPartOf\":{\"@id\":\"https:\\\/\\\/acoustique-conseil.com\\\/en\\\/lunesco-adopte-la-charte-sur-limportance-du-son\\\/\"},\"author\":{\"name\":\"WeAreBlow\",\"@id\":\"https:\\\/\\\/acoustique-conseil.com\\\/en\\\/#\\\/schema\\\/person\\\/a46440b6454d8f5dc0c443e1471dad5c\"},\"headline\":\"L\u2019UNESCO adopte la charte sur l\u2019importance du son\",\"datePublished\":\"2017-12-18T13:55:11+00:00\",\"dateModified\":\"2025-04-28T12:42:29+00:00\",\"mainEntityOfPage\":{\"@id\":\"https:\\\/\\\/acoustique-conseil.com\\\/en\\\/lunesco-adopte-la-charte-sur-limportance-du-son\\\/\"},\"wordCount\":484,\"image\":{\"@id\":\"https:\\\/\\\/acoustique-conseil.com\\\/en\\\/lunesco-adopte-la-charte-sur-limportance-du-son\\\/#primaryimage\"},\"thumbnailUrl\":\"https:\\\/\\\/acoustique-conseil.com\\\/wp-content\\\/uploads\\\/2024\\\/10\\\/logo_unesco.jpg\",\"articleSection\":[\"Actualit\u00e9s\"],\"inLanguage\":\"en-US\"},{\"@type\":\"WebPage\",\"@id\":\"https:\\\/\\\/acoustique-conseil.com\\\/en\\\/lunesco-adopte-la-charte-sur-limportance-du-son\\\/\",\"url\":\"https:\\\/\\\/acoustique-conseil.com\\\/en\\\/lunesco-adopte-la-charte-sur-limportance-du-son\\\/\",\"name\":\"L\u2019UNESCO adopte la charte sur l\u2019importance du son - Acoustique &amp; Conseil\",\"isPartOf\":{\"@id\":\"https:\\\/\\\/acoustique-conseil.com\\\/en\\\/#website\"},\"primaryImageOfPage\":{\"@id\":\"https:\\\/\\\/acoustique-conseil.com\\\/en\\\/lunesco-adopte-la-charte-sur-limportance-du-son\\\/#primaryimage\"},\"image\":{\"@id\":\"https:\\\/\\\/acoustique-conseil.com\\\/en\\\/lunesco-adopte-la-charte-sur-limportance-du-son\\\/#primaryimage\"},\"thumbnailUrl\":\"https:\\\/\\\/acoustique-conseil.com\\\/wp-content\\\/uploads\\\/2024\\\/10\\\/logo_unesco.jpg\",\"datePublished\":\"2017-12-18T13:55:11+00:00\",\"dateModified\":\"2025-04-28T12:42:29+00:00\",\"author\":{\"@id\":\"https:\\\/\\\/acoustique-conseil.com\\\/en\\\/#\\\/schema\\\/person\\\/a46440b6454d8f5dc0c443e1471dad5c\"},\"description\":\"La r\u00e9solution 39C\\\/49 baptis\u00e9e \u00ab L\u2019importance du son dans le monde actuel : promouvoir les bonnes pratiques \u00bb a \u00e9t\u00e9 adopt\u00e9e \u00e0 l\u2019unanimit\u00e9 \u00e0 l'UNESCO le 31 octobre 2017.\",\"breadcrumb\":{\"@id\":\"https:\\\/\\\/acoustique-conseil.com\\\/en\\\/lunesco-adopte-la-charte-sur-limportance-du-son\\\/#breadcrumb\"},\"inLanguage\":\"en-US\",\"potentialAction\":[{\"@type\":\"ReadAction\",\"target\":[\"https:\\\/\\\/acoustique-conseil.com\\\/en\\\/lunesco-adopte-la-charte-sur-limportance-du-son\\\/\"]}]},{\"@type\":\"ImageObject\",\"inLanguage\":\"en-US\",\"@id\":\"https:\\\/\\\/acoustique-conseil.com\\\/en\\\/lunesco-adopte-la-charte-sur-limportance-du-son\\\/#primaryimage\",\"url\":\"https:\\\/\\\/acoustique-conseil.com\\\/wp-content\\\/uploads\\\/2024\\\/10\\\/logo_unesco.jpg\",\"contentUrl\":\"https:\\\/\\\/acoustique-conseil.com\\\/wp-content\\\/uploads\\\/2024\\\/10\\\/logo_unesco.jpg\",\"width\":512,\"height\":512},{\"@type\":\"BreadcrumbList\",\"@id\":\"https:\\\/\\\/acoustique-conseil.com\\\/en\\\/lunesco-adopte-la-charte-sur-limportance-du-son\\\/#breadcrumb\",\"itemListElement\":[{\"@type\":\"ListItem\",\"position\":1,\"name\":\"Accueil\",\"item\":\"https:\\\/\\\/acoustique-conseil.com\\\/en\\\/\"},{\"@type\":\"ListItem\",\"position\":2,\"name\":\"Actualit\u00e9s\",\"item\":\"https:\\\/\\\/acoustique-conseil.com\\\/en\\\/category\\\/actualites-en\\\/\"},{\"@type\":\"ListItem\",\"position\":3,\"name\":\"L\u2019UNESCO adopte la charte sur l\u2019importance du son\"}]},{\"@type\":\"WebSite\",\"@id\":\"https:\\\/\\\/acoustique-conseil.com\\\/en\\\/#website\",\"url\":\"https:\\\/\\\/acoustique-conseil.com\\\/en\\\/\",\"name\":\"Acoustique &amp; Conseil\",\"description\":\"Bureau d&#039;\u00e9tude en acoustique et vibrations\",\"potentialAction\":[{\"@type\":\"SearchAction\",\"target\":{\"@type\":\"EntryPoint\",\"urlTemplate\":\"https:\\\/\\\/acoustique-conseil.com\\\/en\\\/?s={search_term_string}\"},\"query-input\":{\"@type\":\"PropertyValueSpecification\",\"valueRequired\":true,\"valueName\":\"search_term_string\"}}],\"inLanguage\":\"en-US\"},{\"@type\":\"Person\",\"@id\":\"https:\\\/\\\/acoustique-conseil.com\\\/en\\\/#\\\/schema\\\/person\\\/a46440b6454d8f5dc0c443e1471dad5c\",\"name\":\"WeAreBlow\",\"image\":{\"@type\":\"ImageObject\",\"inLanguage\":\"en-US\",\"@id\":\"https:\\\/\\\/secure.gravatar.com\\\/avatar\\\/4fe45c4c426fb5aa4064d00ab9add0ae2ca6ed3b17aeb23f05d9f8cd81f0f6c8?s=96&d=mm&r=g\",\"url\":\"https:\\\/\\\/secure.gravatar.com\\\/avatar\\\/4fe45c4c426fb5aa4064d00ab9add0ae2ca6ed3b17aeb23f05d9f8cd81f0f6c8?s=96&d=mm&r=g\",\"contentUrl\":\"https:\\\/\\\/secure.gravatar.com\\\/avatar\\\/4fe45c4c426fb5aa4064d00ab9add0ae2ca6ed3b17aeb23f05d9f8cd81f0f6c8?s=96&d=mm&r=g\",\"caption\":\"WeAreBlow\"},\"sameAs\":[\"https:\\\/\\\/acoustique-conseil.com\"]}]}<\/script>\n<!-- \/ Yoast SEO plugin. -->","yoast_head_json":{"title":"L\u2019UNESCO adopte la charte sur l\u2019importance du son - Acoustique &amp; Conseil","description":"La r\u00e9solution 39C\/49 baptis\u00e9e \u00ab L\u2019importance du son dans le monde actuel : promouvoir les bonnes pratiques \u00bb a \u00e9t\u00e9 adopt\u00e9e \u00e0 l\u2019unanimit\u00e9 \u00e0 l'UNESCO le 31 octobre 2017.","robots":{"index":"index","follow":"follow","max-snippet":"max-snippet:-1","max-image-preview":"max-image-preview:large","max-video-preview":"max-video-preview:-1"},"canonical":"https:\/\/acoustique-conseil.com\/en\/lunesco-adopte-la-charte-sur-limportance-du-son\/","og_locale":"en_US","og_type":"article","og_title":"L\u2019UNESCO adopte la charte sur l\u2019importance du son - Acoustique &amp; Conseil","og_description":"La r\u00e9solution 39C\/49 baptis\u00e9e \u00ab L\u2019importance du son dans le monde actuel : promouvoir les bonnes pratiques \u00bb a \u00e9t\u00e9 adopt\u00e9e \u00e0 l\u2019unanimit\u00e9 \u00e0 l'UNESCO le 31 octobre 2017.","og_url":"https:\/\/acoustique-conseil.com\/en\/lunesco-adopte-la-charte-sur-limportance-du-son\/","og_site_name":"Acoustique &amp; Conseil","article_published_time":"2017-12-18T13:55:11+00:00","article_modified_time":"2025-04-28T12:42:29+00:00","og_image":[{"width":512,"height":512,"url":"https:\/\/acoustique-conseil.com\/wp-content\/uploads\/2024\/10\/logo_unesco.jpg","type":"image\/jpeg"}],"author":"WeAreBlow","twitter_card":"summary_large_image","twitter_misc":{"Written by":"WeAreBlow","Est. reading time":"1 minute"},"schema":{"@context":"https:\/\/schema.org","@graph":[{"@type":"Article","@id":"https:\/\/acoustique-conseil.com\/en\/lunesco-adopte-la-charte-sur-limportance-du-son\/#article","isPartOf":{"@id":"https:\/\/acoustique-conseil.com\/en\/lunesco-adopte-la-charte-sur-limportance-du-son\/"},"author":{"name":"WeAreBlow","@id":"https:\/\/acoustique-conseil.com\/en\/#\/schema\/person\/a46440b6454d8f5dc0c443e1471dad5c"},"headline":"L\u2019UNESCO adopte la charte sur l\u2019importance du son","datePublished":"2017-12-18T13:55:11+00:00","dateModified":"2025-04-28T12:42:29+00:00","mainEntityOfPage":{"@id":"https:\/\/acoustique-conseil.com\/en\/lunesco-adopte-la-charte-sur-limportance-du-son\/"},"wordCount":484,"image":{"@id":"https:\/\/acoustique-conseil.com\/en\/lunesco-adopte-la-charte-sur-limportance-du-son\/#primaryimage"},"thumbnailUrl":"https:\/\/acoustique-conseil.com\/wp-content\/uploads\/2024\/10\/logo_unesco.jpg","articleSection":["Actualit\u00e9s"],"inLanguage":"en-US"},{"@type":"WebPage","@id":"https:\/\/acoustique-conseil.com\/en\/lunesco-adopte-la-charte-sur-limportance-du-son\/","url":"https:\/\/acoustique-conseil.com\/en\/lunesco-adopte-la-charte-sur-limportance-du-son\/","name":"L\u2019UNESCO adopte la charte sur l\u2019importance du son - Acoustique &amp; Conseil","isPartOf":{"@id":"https:\/\/acoustique-conseil.com\/en\/#website"},"primaryImageOfPage":{"@id":"https:\/\/acoustique-conseil.com\/en\/lunesco-adopte-la-charte-sur-limportance-du-son\/#primaryimage"},"image":{"@id":"https:\/\/acoustique-conseil.com\/en\/lunesco-adopte-la-charte-sur-limportance-du-son\/#primaryimage"},"thumbnailUrl":"https:\/\/acoustique-conseil.com\/wp-content\/uploads\/2024\/10\/logo_unesco.jpg","datePublished":"2017-12-18T13:55:11+00:00","dateModified":"2025-04-28T12:42:29+00:00","author":{"@id":"https:\/\/acoustique-conseil.com\/en\/#\/schema\/person\/a46440b6454d8f5dc0c443e1471dad5c"},"description":"La r\u00e9solution 39C\/49 baptis\u00e9e \u00ab L\u2019importance du son dans le monde actuel : promouvoir les bonnes pratiques \u00bb a \u00e9t\u00e9 adopt\u00e9e \u00e0 l\u2019unanimit\u00e9 \u00e0 l'UNESCO le 31 octobre 2017.","breadcrumb":{"@id":"https:\/\/acoustique-conseil.com\/en\/lunesco-adopte-la-charte-sur-limportance-du-son\/#breadcrumb"},"inLanguage":"en-US","potentialAction":[{"@type":"ReadAction","target":["https:\/\/acoustique-conseil.com\/en\/lunesco-adopte-la-charte-sur-limportance-du-son\/"]}]},{"@type":"ImageObject","inLanguage":"en-US","@id":"https:\/\/acoustique-conseil.com\/en\/lunesco-adopte-la-charte-sur-limportance-du-son\/#primaryimage","url":"https:\/\/acoustique-conseil.com\/wp-content\/uploads\/2024\/10\/logo_unesco.jpg","contentUrl":"https:\/\/acoustique-conseil.com\/wp-content\/uploads\/2024\/10\/logo_unesco.jpg","width":512,"height":512},{"@type":"BreadcrumbList","@id":"https:\/\/acoustique-conseil.com\/en\/lunesco-adopte-la-charte-sur-limportance-du-son\/#breadcrumb","itemListElement":[{"@type":"ListItem","position":1,"name":"Accueil","item":"https:\/\/acoustique-conseil.com\/en\/"},{"@type":"ListItem","position":2,"name":"Actualit\u00e9s","item":"https:\/\/acoustique-conseil.com\/en\/category\/actualites-en\/"},{"@type":"ListItem","position":3,"name":"L\u2019UNESCO adopte la charte sur l\u2019importance du son"}]},{"@type":"WebSite","@id":"https:\/\/acoustique-conseil.com\/en\/#website","url":"https:\/\/acoustique-conseil.com\/en\/","name":"Acoustique &amp; Conseil","description":"Bureau d&#039;\u00e9tude en acoustique et vibrations","potentialAction":[{"@type":"SearchAction","target":{"@type":"EntryPoint","urlTemplate":"https:\/\/acoustique-conseil.com\/en\/?s={search_term_string}"},"query-input":{"@type":"PropertyValueSpecification","valueRequired":true,"valueName":"search_term_string"}}],"inLanguage":"en-US"},{"@type":"Person","@id":"https:\/\/acoustique-conseil.com\/en\/#\/schema\/person\/a46440b6454d8f5dc0c443e1471dad5c","name":"WeAreBlow","image":{"@type":"ImageObject","inLanguage":"en-US","@id":"https:\/\/secure.gravatar.com\/avatar\/4fe45c4c426fb5aa4064d00ab9add0ae2ca6ed3b17aeb23f05d9f8cd81f0f6c8?s=96&d=mm&r=g","url":"https:\/\/secure.gravatar.com\/avatar\/4fe45c4c426fb5aa4064d00ab9add0ae2ca6ed3b17aeb23f05d9f8cd81f0f6c8?s=96&d=mm&r=g","contentUrl":"https:\/\/secure.gravatar.com\/avatar\/4fe45c4c426fb5aa4064d00ab9add0ae2ca6ed3b17aeb23f05d9f8cd81f0f6c8?s=96&d=mm&r=g","caption":"WeAreBlow"},"sameAs":["https:\/\/acoustique-conseil.com"]}]}},"_links":{"self":[{"href":"https:\/\/acoustique-conseil.com\/en\/wp-json\/wp\/v2\/posts\/6853","targetHints":{"allow":["GET"]}}],"collection":[{"href":"https:\/\/acoustique-conseil.com\/en\/wp-json\/wp\/v2\/posts"}],"about":[{"href":"https:\/\/acoustique-conseil.com\/en\/wp-json\/wp\/v2\/types\/post"}],"author":[{"embeddable":true,"href":"https:\/\/acoustique-conseil.com\/en\/wp-json\/wp\/v2\/users\/2"}],"replies":[{"embeddable":true,"href":"https:\/\/acoustique-conseil.com\/en\/wp-json\/wp\/v2\/comments?post=6853"}],"version-history":[{"count":1,"href":"https:\/\/acoustique-conseil.com\/en\/wp-json\/wp\/v2\/posts\/6853\/revisions"}],"predecessor-version":[{"id":6854,"href":"https:\/\/acoustique-conseil.com\/en\/wp-json\/wp\/v2\/posts\/6853\/revisions\/6854"}],"wp:featuredmedia":[{"embeddable":true,"href":"https:\/\/acoustique-conseil.com\/en\/wp-json\/wp\/v2\/media\/5918"}],"wp:attachment":[{"href":"https:\/\/acoustique-conseil.com\/en\/wp-json\/wp\/v2\/media?parent=6853"}],"wp:term":[{"taxonomy":"category","embeddable":true,"href":"https:\/\/acoustique-conseil.com\/en\/wp-json\/wp\/v2\/categories?post=6853"},{"taxonomy":"post_tag","embeddable":true,"href":"https:\/\/acoustique-conseil.com\/en\/wp-json\/wp\/v2\/tags?post=6853"}],"curies":[{"name":"wp","href":"https:\/\/api.w.org\/{rel}","templated":true}]}}