{"id":6863,"date":"2017-12-18T15:08:45","date_gmt":"2017-12-18T14:08:45","guid":{"rendered":"https:\/\/acoustique-conseil.com\/une-salle-de-concert-dans-le-nouveau-siege-du-groupe-sma\/"},"modified":"2025-04-28T14:46:39","modified_gmt":"2025-04-28T12:46:39","slug":"une-salle-de-concert-dans-le-nouveau-siege-du-groupe-sma","status":"publish","type":"post","link":"https:\/\/acoustique-conseil.com\/en\/une-salle-de-concert-dans-le-nouveau-siege-du-groupe-sma\/","title":{"rendered":"Une salle de concert dans le nouveau si\u00e8ge du groupe SMA"},"content":{"rendered":"[vc_row type=&#8221;in_container&#8221; full_screen_row_position=&#8221;middle&#8221; column_margin=&#8221;default&#8221; column_direction=&#8221;default&#8221; column_direction_tablet=&#8221;default&#8221; column_direction_phone=&#8221;default&#8221; scene_position=&#8221;center&#8221; text_color=&#8221;dark&#8221; text_align=&#8221;left&#8221; row_border_radius=&#8221;none&#8221; row_border_radius_applies=&#8221;bg&#8221; overflow=&#8221;visible&#8221; overlay_strength=&#8221;0.3&#8243; gradient_direction=&#8221;left_to_right&#8221; shape_divider_position=&#8221;bottom&#8221; bg_image_animation=&#8221;none&#8221;][vc_column column_padding=&#8221;no-extra-padding&#8221; column_padding_tablet=&#8221;inherit&#8221; column_padding_phone=&#8221;inherit&#8221; column_padding_position=&#8221;all&#8221; column_element_direction_desktop=&#8221;default&#8221; column_element_spacing=&#8221;default&#8221; desktop_text_alignment=&#8221;default&#8221; tablet_text_alignment=&#8221;default&#8221; phone_text_alignment=&#8221;default&#8221; background_color_opacity=&#8221;1&#8243; background_hover_color_opacity=&#8221;1&#8243; column_backdrop_filter=&#8221;none&#8221; column_shadow=&#8221;none&#8221; column_border_radius=&#8221;none&#8221; column_link_target=&#8221;_self&#8221; column_position=&#8221;default&#8221; gradient_direction=&#8221;left_to_right&#8221; overlay_strength=&#8221;0.3&#8243; width=&#8221;1\/1&#8243; tablet_width_inherit=&#8221;default&#8221; animation_type=&#8221;default&#8221; bg_image_animation=&#8221;none&#8221; border_type=&#8221;simple&#8221; column_border_width=&#8221;none&#8221; column_border_style=&#8221;solid&#8221;][vc_column_text css=&#8221;&#8221; text_direction=&#8221;default&#8221;]Dans le cadre de son activit\u00e9 de m\u00e9c\u00e9nat, le Groupe SMA soutient le Concert Spirituel dirig\u00e9 par Herv\u00e9 Niquet, aujourd\u2019hui consid\u00e9r\u00e9 sur la sc\u00e8ne nationale et internationale comme l\u2019un des meilleurs ensembles de musique baroque fran\u00e7ais. Dans ce contexte, le Groupe SMA a fait construire une salle de r\u00e9p\u00e9tition au sein de son nouveau si\u00e8ge social dans le 15\u00e8me arrondissement \u00e0 Paris, con\u00e7u par l\u2019agence Wilmotte sous la r\u00e9gie de Bouygues Immobilier.<\/p>\n<p>L\u2019acoustique de cette salle, ainsi que celle du b\u00e2timent dans lequel elle s\u2019inscrit, a \u00e9t\u00e9 con\u00e7ue par Acoustique &amp; Conseil. En collaboration avec l\u2019agence d\u2019architecture d\u2019int\u00e9rieur Juan Trindade, Eric Gaucher a imagin\u00e9 des panneaux muraux pivotants, qui permettent de moduler l\u2019acoustique de la salle d\u2019une configuration mate \u00e0 une plus r\u00e9verb\u00e9rante.<\/p>\n<p>Pour en savoir plus sur le projet :<\/p>\n<p><a href=\"http:\/\/www.batiactu.com\/edito\/visite-exclusive-futur-siege-sma-btp-48165.php\" target=\"_blank\" rel=\"noopener\">http:\/\/www.batiactu.com\/edito\/visite-exclusive-futur-siege-sma-btp-48165&#8230;<\/a>[\/vc_column_text][\/vc_column][\/vc_row][vc_row type=&#8221;in_container&#8221; full_screen_row_position=&#8221;middle&#8221; column_margin=&#8221;default&#8221; column_direction=&#8221;default&#8221; column_direction_tablet=&#8221;default&#8221; column_direction_phone=&#8221;default&#8221; scene_position=&#8221;center&#8221; text_color=&#8221;dark&#8221; text_align=&#8221;left&#8221; row_border_radius=&#8221;none&#8221; row_border_radius_applies=&#8221;bg&#8221; overflow=&#8221;visible&#8221; overlay_strength=&#8221;0.3&#8243; gradient_direction=&#8221;left_to_right&#8221; shape_divider_position=&#8221;bottom&#8221; bg_image_animation=&#8221;none&#8221;][vc_column column_padding=&#8221;no-extra-padding&#8221; column_padding_tablet=&#8221;inherit&#8221; column_padding_phone=&#8221;inherit&#8221; column_padding_position=&#8221;all&#8221; column_element_direction_desktop=&#8221;default&#8221; column_element_spacing=&#8221;default&#8221; desktop_text_alignment=&#8221;default&#8221; tablet_text_alignment=&#8221;default&#8221; phone_text_alignment=&#8221;default&#8221; background_color_opacity=&#8221;1&#8243; background_hover_color_opacity=&#8221;1&#8243; column_backdrop_filter=&#8221;none&#8221; column_shadow=&#8221;none&#8221; column_border_radius=&#8221;none&#8221; column_link_target=&#8221;_self&#8221; column_position=&#8221;default&#8221; gradient_direction=&#8221;left_to_right&#8221; overlay_strength=&#8221;0.3&#8243; width=&#8221;1\/1&#8243; tablet_width_inherit=&#8221;default&#8221; animation_type=&#8221;default&#8221; bg_image_animation=&#8221;none&#8221; border_type=&#8221;simple&#8221; column_border_width=&#8221;none&#8221; column_border_style=&#8221;solid&#8221;][nectar_global_section id=&#8221;6718&#8243;][\/vc_column][\/vc_row]\n","protected":false},"excerpt":{"rendered":"<p>[vc_row type=&#8221;in_container&#8221; full_screen_row_position=&#8221;middle&#8221; column_margin=&#8221;default&#8221; column_direction=&#8221;default&#8221; column_direction_tablet=&#8221;default&#8221; column_direction_phone=&#8221;default&#8221; scene_position=&#8221;center&#8221; text_color=&#8221;dark&#8221; text_align=&#8221;left&#8221; row_border_radius=&#8221;none&#8221; row_border_radius_applies=&#8221;bg&#8221; overflow=&#8221;visible&#8221; overlay_strength=&#8221;0.3&#8243; gradient_direction=&#8221;left_to_right&#8221; shape_divider_position=&#8221;bottom&#8221; bg_image_animation=&#8221;none&#8221;][vc_column column_padding=&#8221;no-extra-padding&#8221; column_padding_tablet=&#8221;inherit&#8221; column_padding_phone=&#8221;inherit&#8221; column_padding_position=&#8221;all&#8221; column_element_direction_desktop=&#8221;default&#8221; column_element_spacing=&#8221;default&#8221; desktop_text_alignment=&#8221;default&#8221; tablet_text_alignment=&#8221;default&#8221; phone_text_alignment=&#8221;default&#8221; background_color_opacity=&#8221;1&#8243; background_hover_color_opacity=&#8221;1&#8243; column_backdrop_filter=&#8221;none&#8221; column_shadow=&#8221;none&#8221;&#8230;<\/p>\n","protected":false},"author":2,"featured_media":5921,"comment_status":"closed","ping_status":"open","sticky":false,"template":"","format":"standard","meta":{"_acf_changed":false,"footnotes":""},"categories":[246],"tags":[],"class_list":{"0":"post-6863","1":"post","2":"type-post","3":"status-publish","4":"format-standard","5":"has-post-thumbnail","7":"category-actualites-en"},"acf":[],"yoast_head":"<!-- This site is optimized with the Yoast SEO plugin v27.5 - https:\/\/yoast.com\/product\/yoast-seo-wordpress\/ -->\n<title>Une salle de concert dans le nouveau si\u00e8ge du groupe SMA - Acoustique &amp; Conseil<\/title>\n<meta name=\"description\" content=\"Dans le cadre de son activit\u00e9 de m\u00e9c\u00e9nat, le Groupe SMA soutient le Concert Spirituel dirig\u00e9 par Herv\u00e9 Niquet, aujourd\u2019hui consid\u00e9r\u00e9 sur la sc\u00e8ne nationale et internationale comme l\u2019un des meilleurs ensembles de musique baroque fran\u00e7ais.\" \/>\n<meta name=\"robots\" content=\"index, follow, max-snippet:-1, max-image-preview:large, max-video-preview:-1\" \/>\n<link rel=\"canonical\" href=\"https:\/\/acoustique-conseil.com\/en\/une-salle-de-concert-dans-le-nouveau-siege-du-groupe-sma\/\" \/>\n<meta property=\"og:locale\" content=\"en_US\" \/>\n<meta property=\"og:type\" content=\"article\" \/>\n<meta property=\"og:title\" content=\"Une salle de concert dans le nouveau si\u00e8ge du groupe SMA - Acoustique &amp; Conseil\" \/>\n<meta property=\"og:description\" content=\"Dans le cadre de son activit\u00e9 de m\u00e9c\u00e9nat, le Groupe SMA soutient le Concert Spirituel dirig\u00e9 par Herv\u00e9 Niquet, aujourd\u2019hui consid\u00e9r\u00e9 sur la sc\u00e8ne nationale et internationale comme l\u2019un des meilleurs ensembles de musique baroque fran\u00e7ais.\" \/>\n<meta property=\"og:url\" content=\"https:\/\/acoustique-conseil.com\/en\/une-salle-de-concert-dans-le-nouveau-siege-du-groupe-sma\/\" \/>\n<meta property=\"og:site_name\" content=\"Acoustique &amp; Conseil\" \/>\n<meta property=\"article:published_time\" content=\"2017-12-18T14:08:45+00:00\" \/>\n<meta property=\"article:modified_time\" content=\"2025-04-28T12:46:39+00:00\" \/>\n<meta property=\"og:image\" content=\"https:\/\/acoustique-conseil.com\/wp-content\/uploads\/2024\/10\/auditorium_sma_-_copie.jpg\" \/>\n\t<meta property=\"og:image:width\" content=\"512\" \/>\n\t<meta property=\"og:image:height\" content=\"512\" \/>\n\t<meta property=\"og:image:type\" content=\"image\/jpeg\" \/>\n<meta name=\"author\" content=\"WeAreBlow\" \/>\n<meta name=\"twitter:card\" content=\"summary_large_image\" \/>\n<meta name=\"twitter:label1\" content=\"Written by\" \/>\n\t<meta name=\"twitter:data1\" content=\"WeAreBlow\" \/>\n\t<meta name=\"twitter:label2\" content=\"Est. reading time\" \/>\n\t<meta name=\"twitter:data2\" content=\"1 minute\" \/>\n<script type=\"application\/ld+json\" class=\"yoast-schema-graph\">{\"@context\":\"https:\\\/\\\/schema.org\",\"@graph\":[{\"@type\":\"Article\",\"@id\":\"https:\\\/\\\/acoustique-conseil.com\\\/en\\\/une-salle-de-concert-dans-le-nouveau-siege-du-groupe-sma\\\/#article\",\"isPartOf\":{\"@id\":\"https:\\\/\\\/acoustique-conseil.com\\\/en\\\/une-salle-de-concert-dans-le-nouveau-siege-du-groupe-sma\\\/\"},\"author\":{\"name\":\"WeAreBlow\",\"@id\":\"https:\\\/\\\/acoustique-conseil.com\\\/en\\\/#\\\/schema\\\/person\\\/a46440b6454d8f5dc0c443e1471dad5c\"},\"headline\":\"Une salle de concert dans le nouveau si\u00e8ge du groupe SMA\",\"datePublished\":\"2017-12-18T14:08:45+00:00\",\"dateModified\":\"2025-04-28T12:46:39+00:00\",\"mainEntityOfPage\":{\"@id\":\"https:\\\/\\\/acoustique-conseil.com\\\/en\\\/une-salle-de-concert-dans-le-nouveau-siege-du-groupe-sma\\\/\"},\"wordCount\":497,\"image\":{\"@id\":\"https:\\\/\\\/acoustique-conseil.com\\\/en\\\/une-salle-de-concert-dans-le-nouveau-siege-du-groupe-sma\\\/#primaryimage\"},\"thumbnailUrl\":\"https:\\\/\\\/acoustique-conseil.com\\\/wp-content\\\/uploads\\\/2024\\\/10\\\/auditorium_sma_-_copie.jpg\",\"articleSection\":[\"Actualit\u00e9s\"],\"inLanguage\":\"en-US\"},{\"@type\":\"WebPage\",\"@id\":\"https:\\\/\\\/acoustique-conseil.com\\\/en\\\/une-salle-de-concert-dans-le-nouveau-siege-du-groupe-sma\\\/\",\"url\":\"https:\\\/\\\/acoustique-conseil.com\\\/en\\\/une-salle-de-concert-dans-le-nouveau-siege-du-groupe-sma\\\/\",\"name\":\"Une salle de concert dans le nouveau si\u00e8ge du groupe SMA - Acoustique &amp; Conseil\",\"isPartOf\":{\"@id\":\"https:\\\/\\\/acoustique-conseil.com\\\/en\\\/#website\"},\"primaryImageOfPage\":{\"@id\":\"https:\\\/\\\/acoustique-conseil.com\\\/en\\\/une-salle-de-concert-dans-le-nouveau-siege-du-groupe-sma\\\/#primaryimage\"},\"image\":{\"@id\":\"https:\\\/\\\/acoustique-conseil.com\\\/en\\\/une-salle-de-concert-dans-le-nouveau-siege-du-groupe-sma\\\/#primaryimage\"},\"thumbnailUrl\":\"https:\\\/\\\/acoustique-conseil.com\\\/wp-content\\\/uploads\\\/2024\\\/10\\\/auditorium_sma_-_copie.jpg\",\"datePublished\":\"2017-12-18T14:08:45+00:00\",\"dateModified\":\"2025-04-28T12:46:39+00:00\",\"author\":{\"@id\":\"https:\\\/\\\/acoustique-conseil.com\\\/en\\\/#\\\/schema\\\/person\\\/a46440b6454d8f5dc0c443e1471dad5c\"},\"description\":\"Dans le cadre de son activit\u00e9 de m\u00e9c\u00e9nat, le Groupe SMA soutient le Concert Spirituel dirig\u00e9 par Herv\u00e9 Niquet, aujourd\u2019hui consid\u00e9r\u00e9 sur la sc\u00e8ne nationale et internationale comme l\u2019un des meilleurs ensembles de musique baroque fran\u00e7ais.\",\"breadcrumb\":{\"@id\":\"https:\\\/\\\/acoustique-conseil.com\\\/en\\\/une-salle-de-concert-dans-le-nouveau-siege-du-groupe-sma\\\/#breadcrumb\"},\"inLanguage\":\"en-US\",\"potentialAction\":[{\"@type\":\"ReadAction\",\"target\":[\"https:\\\/\\\/acoustique-conseil.com\\\/en\\\/une-salle-de-concert-dans-le-nouveau-siege-du-groupe-sma\\\/\"]}]},{\"@type\":\"ImageObject\",\"inLanguage\":\"en-US\",\"@id\":\"https:\\\/\\\/acoustique-conseil.com\\\/en\\\/une-salle-de-concert-dans-le-nouveau-siege-du-groupe-sma\\\/#primaryimage\",\"url\":\"https:\\\/\\\/acoustique-conseil.com\\\/wp-content\\\/uploads\\\/2024\\\/10\\\/auditorium_sma_-_copie.jpg\",\"contentUrl\":\"https:\\\/\\\/acoustique-conseil.com\\\/wp-content\\\/uploads\\\/2024\\\/10\\\/auditorium_sma_-_copie.jpg\",\"width\":512,\"height\":512},{\"@type\":\"BreadcrumbList\",\"@id\":\"https:\\\/\\\/acoustique-conseil.com\\\/en\\\/une-salle-de-concert-dans-le-nouveau-siege-du-groupe-sma\\\/#breadcrumb\",\"itemListElement\":[{\"@type\":\"ListItem\",\"position\":1,\"name\":\"Accueil\",\"item\":\"https:\\\/\\\/acoustique-conseil.com\\\/en\\\/\"},{\"@type\":\"ListItem\",\"position\":2,\"name\":\"Actualit\u00e9s\",\"item\":\"https:\\\/\\\/acoustique-conseil.com\\\/en\\\/category\\\/actualites-en\\\/\"},{\"@type\":\"ListItem\",\"position\":3,\"name\":\"Une salle de concert dans le nouveau si\u00e8ge du groupe SMA\"}]},{\"@type\":\"WebSite\",\"@id\":\"https:\\\/\\\/acoustique-conseil.com\\\/en\\\/#website\",\"url\":\"https:\\\/\\\/acoustique-conseil.com\\\/en\\\/\",\"name\":\"Acoustique &amp; Conseil\",\"description\":\"Bureau d&#039;\u00e9tude en acoustique et vibrations\",\"potentialAction\":[{\"@type\":\"SearchAction\",\"target\":{\"@type\":\"EntryPoint\",\"urlTemplate\":\"https:\\\/\\\/acoustique-conseil.com\\\/en\\\/?s={search_term_string}\"},\"query-input\":{\"@type\":\"PropertyValueSpecification\",\"valueRequired\":true,\"valueName\":\"search_term_string\"}}],\"inLanguage\":\"en-US\"},{\"@type\":\"Person\",\"@id\":\"https:\\\/\\\/acoustique-conseil.com\\\/en\\\/#\\\/schema\\\/person\\\/a46440b6454d8f5dc0c443e1471dad5c\",\"name\":\"WeAreBlow\",\"image\":{\"@type\":\"ImageObject\",\"inLanguage\":\"en-US\",\"@id\":\"https:\\\/\\\/secure.gravatar.com\\\/avatar\\\/4fe45c4c426fb5aa4064d00ab9add0ae2ca6ed3b17aeb23f05d9f8cd81f0f6c8?s=96&d=mm&r=g\",\"url\":\"https:\\\/\\\/secure.gravatar.com\\\/avatar\\\/4fe45c4c426fb5aa4064d00ab9add0ae2ca6ed3b17aeb23f05d9f8cd81f0f6c8?s=96&d=mm&r=g\",\"contentUrl\":\"https:\\\/\\\/secure.gravatar.com\\\/avatar\\\/4fe45c4c426fb5aa4064d00ab9add0ae2ca6ed3b17aeb23f05d9f8cd81f0f6c8?s=96&d=mm&r=g\",\"caption\":\"WeAreBlow\"},\"sameAs\":[\"https:\\\/\\\/acoustique-conseil.com\"]}]}<\/script>\n<!-- \/ Yoast SEO plugin. -->","yoast_head_json":{"title":"Une salle de concert dans le nouveau si\u00e8ge du groupe SMA - Acoustique &amp; Conseil","description":"Dans le cadre de son activit\u00e9 de m\u00e9c\u00e9nat, le Groupe SMA soutient le Concert Spirituel dirig\u00e9 par Herv\u00e9 Niquet, aujourd\u2019hui consid\u00e9r\u00e9 sur la sc\u00e8ne nationale et internationale comme l\u2019un des meilleurs ensembles de musique baroque fran\u00e7ais.","robots":{"index":"index","follow":"follow","max-snippet":"max-snippet:-1","max-image-preview":"max-image-preview:large","max-video-preview":"max-video-preview:-1"},"canonical":"https:\/\/acoustique-conseil.com\/en\/une-salle-de-concert-dans-le-nouveau-siege-du-groupe-sma\/","og_locale":"en_US","og_type":"article","og_title":"Une salle de concert dans le nouveau si\u00e8ge du groupe SMA - Acoustique &amp; Conseil","og_description":"Dans le cadre de son activit\u00e9 de m\u00e9c\u00e9nat, le Groupe SMA soutient le Concert Spirituel dirig\u00e9 par Herv\u00e9 Niquet, aujourd\u2019hui consid\u00e9r\u00e9 sur la sc\u00e8ne nationale et internationale comme l\u2019un des meilleurs ensembles de musique baroque fran\u00e7ais.","og_url":"https:\/\/acoustique-conseil.com\/en\/une-salle-de-concert-dans-le-nouveau-siege-du-groupe-sma\/","og_site_name":"Acoustique &amp; Conseil","article_published_time":"2017-12-18T14:08:45+00:00","article_modified_time":"2025-04-28T12:46:39+00:00","og_image":[{"width":512,"height":512,"url":"https:\/\/acoustique-conseil.com\/wp-content\/uploads\/2024\/10\/auditorium_sma_-_copie.jpg","type":"image\/jpeg"}],"author":"WeAreBlow","twitter_card":"summary_large_image","twitter_misc":{"Written by":"WeAreBlow","Est. reading time":"1 minute"},"schema":{"@context":"https:\/\/schema.org","@graph":[{"@type":"Article","@id":"https:\/\/acoustique-conseil.com\/en\/une-salle-de-concert-dans-le-nouveau-siege-du-groupe-sma\/#article","isPartOf":{"@id":"https:\/\/acoustique-conseil.com\/en\/une-salle-de-concert-dans-le-nouveau-siege-du-groupe-sma\/"},"author":{"name":"WeAreBlow","@id":"https:\/\/acoustique-conseil.com\/en\/#\/schema\/person\/a46440b6454d8f5dc0c443e1471dad5c"},"headline":"Une salle de concert dans le nouveau si\u00e8ge du groupe SMA","datePublished":"2017-12-18T14:08:45+00:00","dateModified":"2025-04-28T12:46:39+00:00","mainEntityOfPage":{"@id":"https:\/\/acoustique-conseil.com\/en\/une-salle-de-concert-dans-le-nouveau-siege-du-groupe-sma\/"},"wordCount":497,"image":{"@id":"https:\/\/acoustique-conseil.com\/en\/une-salle-de-concert-dans-le-nouveau-siege-du-groupe-sma\/#primaryimage"},"thumbnailUrl":"https:\/\/acoustique-conseil.com\/wp-content\/uploads\/2024\/10\/auditorium_sma_-_copie.jpg","articleSection":["Actualit\u00e9s"],"inLanguage":"en-US"},{"@type":"WebPage","@id":"https:\/\/acoustique-conseil.com\/en\/une-salle-de-concert-dans-le-nouveau-siege-du-groupe-sma\/","url":"https:\/\/acoustique-conseil.com\/en\/une-salle-de-concert-dans-le-nouveau-siege-du-groupe-sma\/","name":"Une salle de concert dans le nouveau si\u00e8ge du groupe SMA - Acoustique &amp; Conseil","isPartOf":{"@id":"https:\/\/acoustique-conseil.com\/en\/#website"},"primaryImageOfPage":{"@id":"https:\/\/acoustique-conseil.com\/en\/une-salle-de-concert-dans-le-nouveau-siege-du-groupe-sma\/#primaryimage"},"image":{"@id":"https:\/\/acoustique-conseil.com\/en\/une-salle-de-concert-dans-le-nouveau-siege-du-groupe-sma\/#primaryimage"},"thumbnailUrl":"https:\/\/acoustique-conseil.com\/wp-content\/uploads\/2024\/10\/auditorium_sma_-_copie.jpg","datePublished":"2017-12-18T14:08:45+00:00","dateModified":"2025-04-28T12:46:39+00:00","author":{"@id":"https:\/\/acoustique-conseil.com\/en\/#\/schema\/person\/a46440b6454d8f5dc0c443e1471dad5c"},"description":"Dans le cadre de son activit\u00e9 de m\u00e9c\u00e9nat, le Groupe SMA soutient le Concert Spirituel dirig\u00e9 par Herv\u00e9 Niquet, aujourd\u2019hui consid\u00e9r\u00e9 sur la sc\u00e8ne nationale et internationale comme l\u2019un des meilleurs ensembles de musique baroque fran\u00e7ais.","breadcrumb":{"@id":"https:\/\/acoustique-conseil.com\/en\/une-salle-de-concert-dans-le-nouveau-siege-du-groupe-sma\/#breadcrumb"},"inLanguage":"en-US","potentialAction":[{"@type":"ReadAction","target":["https:\/\/acoustique-conseil.com\/en\/une-salle-de-concert-dans-le-nouveau-siege-du-groupe-sma\/"]}]},{"@type":"ImageObject","inLanguage":"en-US","@id":"https:\/\/acoustique-conseil.com\/en\/une-salle-de-concert-dans-le-nouveau-siege-du-groupe-sma\/#primaryimage","url":"https:\/\/acoustique-conseil.com\/wp-content\/uploads\/2024\/10\/auditorium_sma_-_copie.jpg","contentUrl":"https:\/\/acoustique-conseil.com\/wp-content\/uploads\/2024\/10\/auditorium_sma_-_copie.jpg","width":512,"height":512},{"@type":"BreadcrumbList","@id":"https:\/\/acoustique-conseil.com\/en\/une-salle-de-concert-dans-le-nouveau-siege-du-groupe-sma\/#breadcrumb","itemListElement":[{"@type":"ListItem","position":1,"name":"Accueil","item":"https:\/\/acoustique-conseil.com\/en\/"},{"@type":"ListItem","position":2,"name":"Actualit\u00e9s","item":"https:\/\/acoustique-conseil.com\/en\/category\/actualites-en\/"},{"@type":"ListItem","position":3,"name":"Une salle de concert dans le nouveau si\u00e8ge du groupe SMA"}]},{"@type":"WebSite","@id":"https:\/\/acoustique-conseil.com\/en\/#website","url":"https:\/\/acoustique-conseil.com\/en\/","name":"Acoustique &amp; Conseil","description":"Bureau d&#039;\u00e9tude en acoustique et vibrations","potentialAction":[{"@type":"SearchAction","target":{"@type":"EntryPoint","urlTemplate":"https:\/\/acoustique-conseil.com\/en\/?s={search_term_string}"},"query-input":{"@type":"PropertyValueSpecification","valueRequired":true,"valueName":"search_term_string"}}],"inLanguage":"en-US"},{"@type":"Person","@id":"https:\/\/acoustique-conseil.com\/en\/#\/schema\/person\/a46440b6454d8f5dc0c443e1471dad5c","name":"WeAreBlow","image":{"@type":"ImageObject","inLanguage":"en-US","@id":"https:\/\/secure.gravatar.com\/avatar\/4fe45c4c426fb5aa4064d00ab9add0ae2ca6ed3b17aeb23f05d9f8cd81f0f6c8?s=96&d=mm&r=g","url":"https:\/\/secure.gravatar.com\/avatar\/4fe45c4c426fb5aa4064d00ab9add0ae2ca6ed3b17aeb23f05d9f8cd81f0f6c8?s=96&d=mm&r=g","contentUrl":"https:\/\/secure.gravatar.com\/avatar\/4fe45c4c426fb5aa4064d00ab9add0ae2ca6ed3b17aeb23f05d9f8cd81f0f6c8?s=96&d=mm&r=g","caption":"WeAreBlow"},"sameAs":["https:\/\/acoustique-conseil.com"]}]}},"_links":{"self":[{"href":"https:\/\/acoustique-conseil.com\/en\/wp-json\/wp\/v2\/posts\/6863","targetHints":{"allow":["GET"]}}],"collection":[{"href":"https:\/\/acoustique-conseil.com\/en\/wp-json\/wp\/v2\/posts"}],"about":[{"href":"https:\/\/acoustique-conseil.com\/en\/wp-json\/wp\/v2\/types\/post"}],"author":[{"embeddable":true,"href":"https:\/\/acoustique-conseil.com\/en\/wp-json\/wp\/v2\/users\/2"}],"replies":[{"embeddable":true,"href":"https:\/\/acoustique-conseil.com\/en\/wp-json\/wp\/v2\/comments?post=6863"}],"version-history":[{"count":1,"href":"https:\/\/acoustique-conseil.com\/en\/wp-json\/wp\/v2\/posts\/6863\/revisions"}],"predecessor-version":[{"id":6864,"href":"https:\/\/acoustique-conseil.com\/en\/wp-json\/wp\/v2\/posts\/6863\/revisions\/6864"}],"wp:featuredmedia":[{"embeddable":true,"href":"https:\/\/acoustique-conseil.com\/en\/wp-json\/wp\/v2\/media\/5921"}],"wp:attachment":[{"href":"https:\/\/acoustique-conseil.com\/en\/wp-json\/wp\/v2\/media?parent=6863"}],"wp:term":[{"taxonomy":"category","embeddable":true,"href":"https:\/\/acoustique-conseil.com\/en\/wp-json\/wp\/v2\/categories?post=6863"},{"taxonomy":"post_tag","embeddable":true,"href":"https:\/\/acoustique-conseil.com\/en\/wp-json\/wp\/v2\/tags?post=6863"}],"curies":[{"name":"wp","href":"https:\/\/api.w.org\/{rel}","templated":true}]}}