{"id":6865,"date":"2017-03-13T15:23:14","date_gmt":"2017-03-13T14:23:14","guid":{"rendered":"https:\/\/acoustique-conseil.com\/1987-2017-lagence-sud-fete-ses-30-ans\/"},"modified":"2025-04-28T14:47:24","modified_gmt":"2025-04-28T12:47:24","slug":"1987-2017-lagence-sud-fete-ses-30-ans","status":"publish","type":"post","link":"https:\/\/acoustique-conseil.com\/en\/1987-2017-lagence-sud-fete-ses-30-ans\/","title":{"rendered":"1987-2017 : l&#8217;agence Sud f\u00eate ses 30 ans"},"content":{"rendered":"[vc_row type=&#8221;in_container&#8221; full_screen_row_position=&#8221;middle&#8221; column_margin=&#8221;80px&#8221; column_direction=&#8221;default&#8221; column_direction_tablet=&#8221;default&#8221; column_direction_phone=&#8221;default&#8221; scene_position=&#8221;center&#8221; text_color=&#8221;dark&#8221; text_align=&#8221;left&#8221; row_border_radius=&#8221;none&#8221; row_border_radius_applies=&#8221;bg&#8221; overflow=&#8221;visible&#8221; overlay_strength=&#8221;0.3&#8243; gradient_direction=&#8221;left_to_right&#8221; shape_divider_position=&#8221;bottom&#8221; bg_image_animation=&#8221;none&#8221; gradient_type=&#8221;default&#8221; shape_type=&#8221;&#8221;][vc_column column_padding=&#8221;no-extra-padding&#8221; column_padding_tablet=&#8221;inherit&#8221; column_padding_phone=&#8221;inherit&#8221; column_padding_position=&#8221;all&#8221; column_element_direction_desktop=&#8221;default&#8221; column_element_spacing=&#8221;default&#8221; desktop_text_alignment=&#8221;default&#8221; tablet_text_alignment=&#8221;default&#8221; phone_text_alignment=&#8221;default&#8221; background_color_opacity=&#8221;1&#8243; background_hover_color_opacity=&#8221;1&#8243; column_backdrop_filter=&#8221;none&#8221; column_shadow=&#8221;none&#8221; column_border_radius=&#8221;none&#8221; column_link_target=&#8221;_self&#8221; column_position=&#8221;default&#8221; gradient_direction=&#8221;left_to_right&#8221; overlay_strength=&#8221;0.3&#8243; width=&#8221;1\/3&#8243; tablet_width_inherit=&#8221;default&#8221; animation_type=&#8221;default&#8221; bg_image_animation=&#8221;none&#8221; border_type=&#8221;simple&#8221; column_border_width=&#8221;none&#8221; column_border_style=&#8221;solid&#8221;][image_with_animation image_url=&#8221;4004&#8243; image_size=&#8221;full&#8221; animation_type=&#8221;entrance&#8221; animation=&#8221;None&#8221; animation_movement_type=&#8221;transform_y&#8221; hover_animation=&#8221;none&#8221; alignment=&#8221;&#8221; border_radius=&#8221;none&#8221; box_shadow=&#8221;none&#8221; image_loading=&#8221;default&#8221; max_width=&#8221;100%&#8221; max_width_mobile=&#8221;default&#8221;][\/vc_column][vc_column column_padding=&#8221;no-extra-padding&#8221; column_padding_tablet=&#8221;inherit&#8221; column_padding_phone=&#8221;inherit&#8221; column_padding_position=&#8221;all&#8221; column_element_direction_desktop=&#8221;default&#8221; column_element_spacing=&#8221;default&#8221; desktop_text_alignment=&#8221;default&#8221; tablet_text_alignment=&#8221;default&#8221; phone_text_alignment=&#8221;default&#8221; background_color_opacity=&#8221;1&#8243; background_hover_color_opacity=&#8221;1&#8243; column_backdrop_filter=&#8221;none&#8221; column_shadow=&#8221;none&#8221; column_border_radius=&#8221;none&#8221; column_link_target=&#8221;_self&#8221; column_position=&#8221;default&#8221; gradient_direction=&#8221;left_to_right&#8221; overlay_strength=&#8221;0.3&#8243; width=&#8221;2\/3&#8243; tablet_width_inherit=&#8221;default&#8221; animation_type=&#8221;default&#8221; bg_image_animation=&#8221;none&#8221; border_type=&#8221;simple&#8221; column_border_width=&#8221;none&#8221; column_border_style=&#8221;solid&#8221;][vc_column_text css=&#8221;&#8221; text_direction=&#8221;default&#8221;]Cette ann\u00e9e, notre agence d\u2019Aix-en-Provence f\u00eate ses 30 ans d\u2019existence !<\/p>\n<p>Fond\u00e9e en 1987, l\u2019agence Sud n\u2019a cess\u00e9 de se d\u00e9velopper en termes d\u2019activit\u00e9s et de territoire \u2026.De Montpellier jusqu\u2019\u00e0 Monaco, l\u2019agence continue d\u2019\u00e9tendre ses domaines de comp\u00e9tences. L\u2019\u00e9quipe, aujourd\u2019hui dirig\u00e9e par Thierry Simoneau, est compos\u00e9e de Laura Gohier, Etienne Bodelet et Elliot Chaubron. L\u2019antenne de Nice Provence C\u00f4te d\u2019azur a \u00e9t\u00e9 cr\u00e9\u00e9e en 2014 en vue d\u2019avoir une proximit\u00e9 imm\u00e9diate avec la ville de Nice et la Principaut\u00e9 de Monaco. Pilot\u00e9e par Julien Leroy , elle va bient\u00f4t accueillir un nouvel acousticien.<\/p>\n<p>En 30 ans, nous avons eu la chance de participer \u00e0 de nombreux beaux projets dont, notamment : l\u2019a\u00e9roport de Marignane, le conservatoire de Beaucaire, l\u2019h\u00f4tel Intercontinental de Marseille, les Terrasses du port \u00e0 Marseille, le Carlton de Cannes, la Villa M\u00e9diterran\u00e9e \u00e0 Marseille.<br \/>\nL&#8217;agence a remport\u00e9 une tr\u00e8s belle et prestigieuse op\u00e9ration. Plus d&#8217;informations dans notre prochaine newsletter &#8230;[\/vc_column_text][\/vc_column][\/vc_row][vc_row type=&#8221;in_container&#8221; full_screen_row_position=&#8221;middle&#8221; column_margin=&#8221;default&#8221; column_direction=&#8221;default&#8221; column_direction_tablet=&#8221;default&#8221; column_direction_phone=&#8221;default&#8221; scene_position=&#8221;center&#8221; text_color=&#8221;dark&#8221; text_align=&#8221;left&#8221; row_border_radius=&#8221;none&#8221; row_border_radius_applies=&#8221;bg&#8221; overflow=&#8221;visible&#8221; overlay_strength=&#8221;0.3&#8243; gradient_direction=&#8221;left_to_right&#8221; shape_divider_position=&#8221;bottom&#8221; bg_image_animation=&#8221;none&#8221;][vc_column column_padding=&#8221;no-extra-padding&#8221; column_padding_tablet=&#8221;inherit&#8221; column_padding_phone=&#8221;inherit&#8221; column_padding_position=&#8221;all&#8221; column_element_direction_desktop=&#8221;default&#8221; column_element_spacing=&#8221;default&#8221; desktop_text_alignment=&#8221;default&#8221; tablet_text_alignment=&#8221;default&#8221; phone_text_alignment=&#8221;default&#8221; background_color_opacity=&#8221;1&#8243; background_hover_color_opacity=&#8221;1&#8243; column_backdrop_filter=&#8221;none&#8221; column_shadow=&#8221;none&#8221; column_border_radius=&#8221;none&#8221; column_link_target=&#8221;_self&#8221; column_position=&#8221;default&#8221; gradient_direction=&#8221;left_to_right&#8221; overlay_strength=&#8221;0.3&#8243; width=&#8221;1\/1&#8243; tablet_width_inherit=&#8221;default&#8221; animation_type=&#8221;default&#8221; bg_image_animation=&#8221;none&#8221; border_type=&#8221;simple&#8221; column_border_width=&#8221;none&#8221; column_border_style=&#8221;solid&#8221;][nectar_global_section id=&#8221;6718&#8243;][\/vc_column][\/vc_row]\n","protected":false},"excerpt":{"rendered":"<p>[vc_row type=&#8221;in_container&#8221; full_screen_row_position=&#8221;middle&#8221; column_margin=&#8221;80px&#8221; column_direction=&#8221;default&#8221; column_direction_tablet=&#8221;default&#8221; column_direction_phone=&#8221;default&#8221; scene_position=&#8221;center&#8221; text_color=&#8221;dark&#8221; text_align=&#8221;left&#8221; row_border_radius=&#8221;none&#8221; row_border_radius_applies=&#8221;bg&#8221; overflow=&#8221;visible&#8221; overlay_strength=&#8221;0.3&#8243; gradient_direction=&#8221;left_to_right&#8221; shape_divider_position=&#8221;bottom&#8221; bg_image_animation=&#8221;none&#8221; gradient_type=&#8221;default&#8221; shape_type=&#8221;&#8221;][vc_column column_padding=&#8221;no-extra-padding&#8221; column_padding_tablet=&#8221;inherit&#8221; column_padding_phone=&#8221;inherit&#8221; column_padding_position=&#8221;all&#8221; column_element_direction_desktop=&#8221;default&#8221; column_element_spacing=&#8221;default&#8221; desktop_text_alignment=&#8221;default&#8221; tablet_text_alignment=&#8221;default&#8221; phone_text_alignment=&#8221;default&#8221; background_color_opacity=&#8221;1&#8243; background_hover_color_opacity=&#8221;1&#8243;&#8230;<\/p>\n","protected":false},"author":2,"featured_media":5762,"comment_status":"closed","ping_status":"open","sticky":false,"template":"","format":"standard","meta":{"_acf_changed":false,"footnotes":""},"categories":[246],"tags":[],"class_list":{"0":"post-6865","1":"post","2":"type-post","3":"status-publish","4":"format-standard","5":"has-post-thumbnail","7":"category-actualites-en"},"acf":[],"yoast_head":"<!-- This site is optimized with the Yoast SEO plugin v27.5 - https:\/\/yoast.com\/product\/yoast-seo-wordpress\/ -->\n<title>1987-2017 : l&#039;agence Sud f\u00eate ses 30 ans - Acoustique &amp; Conseil<\/title>\n<meta name=\"description\" content=\"Acoustique &amp; Conseil a r\u00e9cemment r\u00e9alis\u00e9 l\u2019\u00e9tude de l\u2019am\u00e9lioration de l\u2019acoustique interne de la salle de r\u00e9p\u00e9tition de l\u2019op\u00e9ra de Marseille situ\u00e9e dans le quartier de la Belle de Mai.\" \/>\n<meta name=\"robots\" content=\"index, follow, max-snippet:-1, max-image-preview:large, max-video-preview:-1\" \/>\n<link rel=\"canonical\" href=\"https:\/\/acoustique-conseil.com\/en\/1987-2017-lagence-sud-fete-ses-30-ans\/\" \/>\n<meta property=\"og:locale\" content=\"en_US\" \/>\n<meta property=\"og:type\" content=\"article\" \/>\n<meta property=\"og:title\" content=\"1987-2017 : l&#039;agence Sud f\u00eate ses 30 ans - Acoustique &amp; Conseil\" \/>\n<meta property=\"og:description\" content=\"Acoustique &amp; Conseil a r\u00e9cemment r\u00e9alis\u00e9 l\u2019\u00e9tude de l\u2019am\u00e9lioration de l\u2019acoustique interne de la salle de r\u00e9p\u00e9tition de l\u2019op\u00e9ra de Marseille situ\u00e9e dans le quartier de la Belle de Mai.\" \/>\n<meta property=\"og:url\" content=\"https:\/\/acoustique-conseil.com\/en\/1987-2017-lagence-sud-fete-ses-30-ans\/\" \/>\n<meta property=\"og:site_name\" content=\"Acoustique &amp; Conseil\" \/>\n<meta property=\"article:published_time\" content=\"2017-03-13T14:23:14+00:00\" \/>\n<meta property=\"article:modified_time\" content=\"2025-04-28T12:47:24+00:00\" \/>\n<meta property=\"og:image\" content=\"https:\/\/acoustique-conseil.com\/wp-content\/uploads\/2024\/08\/projets.jpg\" \/>\n\t<meta property=\"og:image:width\" content=\"1920\" \/>\n\t<meta property=\"og:image:height\" content=\"1080\" \/>\n\t<meta property=\"og:image:type\" content=\"image\/jpeg\" \/>\n<meta name=\"author\" content=\"WeAreBlow\" \/>\n<meta name=\"twitter:card\" content=\"summary_large_image\" \/>\n<meta name=\"twitter:label1\" content=\"Written by\" \/>\n\t<meta name=\"twitter:data1\" content=\"WeAreBlow\" \/>\n\t<meta name=\"twitter:label2\" content=\"Est. reading time\" \/>\n\t<meta name=\"twitter:data2\" content=\"2 minutes\" \/>\n<script type=\"application\/ld+json\" class=\"yoast-schema-graph\">{\"@context\":\"https:\\\/\\\/schema.org\",\"@graph\":[{\"@type\":\"Article\",\"@id\":\"https:\\\/\\\/acoustique-conseil.com\\\/en\\\/1987-2017-lagence-sud-fete-ses-30-ans\\\/#article\",\"isPartOf\":{\"@id\":\"https:\\\/\\\/acoustique-conseil.com\\\/en\\\/1987-2017-lagence-sud-fete-ses-30-ans\\\/\"},\"author\":{\"name\":\"WeAreBlow\",\"@id\":\"https:\\\/\\\/acoustique-conseil.com\\\/en\\\/#\\\/schema\\\/person\\\/a46440b6454d8f5dc0c443e1471dad5c\"},\"headline\":\"1987-2017 : l&#8217;agence Sud f\u00eate ses 30 ans\",\"datePublished\":\"2017-03-13T14:23:14+00:00\",\"dateModified\":\"2025-04-28T12:47:24+00:00\",\"mainEntityOfPage\":{\"@id\":\"https:\\\/\\\/acoustique-conseil.com\\\/en\\\/1987-2017-lagence-sud-fete-ses-30-ans\\\/\"},\"wordCount\":648,\"image\":{\"@id\":\"https:\\\/\\\/acoustique-conseil.com\\\/en\\\/1987-2017-lagence-sud-fete-ses-30-ans\\\/#primaryimage\"},\"thumbnailUrl\":\"https:\\\/\\\/acoustique-conseil.com\\\/wp-content\\\/uploads\\\/2024\\\/08\\\/projets.jpg\",\"articleSection\":[\"Actualit\u00e9s\"],\"inLanguage\":\"en-US\"},{\"@type\":\"WebPage\",\"@id\":\"https:\\\/\\\/acoustique-conseil.com\\\/en\\\/1987-2017-lagence-sud-fete-ses-30-ans\\\/\",\"url\":\"https:\\\/\\\/acoustique-conseil.com\\\/en\\\/1987-2017-lagence-sud-fete-ses-30-ans\\\/\",\"name\":\"1987-2017 : l'agence Sud f\u00eate ses 30 ans - Acoustique &amp; Conseil\",\"isPartOf\":{\"@id\":\"https:\\\/\\\/acoustique-conseil.com\\\/en\\\/#website\"},\"primaryImageOfPage\":{\"@id\":\"https:\\\/\\\/acoustique-conseil.com\\\/en\\\/1987-2017-lagence-sud-fete-ses-30-ans\\\/#primaryimage\"},\"image\":{\"@id\":\"https:\\\/\\\/acoustique-conseil.com\\\/en\\\/1987-2017-lagence-sud-fete-ses-30-ans\\\/#primaryimage\"},\"thumbnailUrl\":\"https:\\\/\\\/acoustique-conseil.com\\\/wp-content\\\/uploads\\\/2024\\\/08\\\/projets.jpg\",\"datePublished\":\"2017-03-13T14:23:14+00:00\",\"dateModified\":\"2025-04-28T12:47:24+00:00\",\"author\":{\"@id\":\"https:\\\/\\\/acoustique-conseil.com\\\/en\\\/#\\\/schema\\\/person\\\/a46440b6454d8f5dc0c443e1471dad5c\"},\"description\":\"Acoustique & Conseil a r\u00e9cemment r\u00e9alis\u00e9 l\u2019\u00e9tude de l\u2019am\u00e9lioration de l\u2019acoustique interne de la salle de r\u00e9p\u00e9tition de l\u2019op\u00e9ra de Marseille situ\u00e9e dans le quartier de la Belle de Mai.\",\"breadcrumb\":{\"@id\":\"https:\\\/\\\/acoustique-conseil.com\\\/en\\\/1987-2017-lagence-sud-fete-ses-30-ans\\\/#breadcrumb\"},\"inLanguage\":\"en-US\",\"potentialAction\":[{\"@type\":\"ReadAction\",\"target\":[\"https:\\\/\\\/acoustique-conseil.com\\\/en\\\/1987-2017-lagence-sud-fete-ses-30-ans\\\/\"]}]},{\"@type\":\"ImageObject\",\"inLanguage\":\"en-US\",\"@id\":\"https:\\\/\\\/acoustique-conseil.com\\\/en\\\/1987-2017-lagence-sud-fete-ses-30-ans\\\/#primaryimage\",\"url\":\"https:\\\/\\\/acoustique-conseil.com\\\/wp-content\\\/uploads\\\/2024\\\/08\\\/projets.jpg\",\"contentUrl\":\"https:\\\/\\\/acoustique-conseil.com\\\/wp-content\\\/uploads\\\/2024\\\/08\\\/projets.jpg\",\"width\":1920,\"height\":1080},{\"@type\":\"BreadcrumbList\",\"@id\":\"https:\\\/\\\/acoustique-conseil.com\\\/en\\\/1987-2017-lagence-sud-fete-ses-30-ans\\\/#breadcrumb\",\"itemListElement\":[{\"@type\":\"ListItem\",\"position\":1,\"name\":\"Accueil\",\"item\":\"https:\\\/\\\/acoustique-conseil.com\\\/en\\\/\"},{\"@type\":\"ListItem\",\"position\":2,\"name\":\"Actualit\u00e9s\",\"item\":\"https:\\\/\\\/acoustique-conseil.com\\\/en\\\/category\\\/actualites-en\\\/\"},{\"@type\":\"ListItem\",\"position\":3,\"name\":\"1987-2017 : l&rsquo;agence Sud f\u00eate ses 30 ans\"}]},{\"@type\":\"WebSite\",\"@id\":\"https:\\\/\\\/acoustique-conseil.com\\\/en\\\/#website\",\"url\":\"https:\\\/\\\/acoustique-conseil.com\\\/en\\\/\",\"name\":\"Acoustique &amp; Conseil\",\"description\":\"Bureau d&#039;\u00e9tude en acoustique et vibrations\",\"potentialAction\":[{\"@type\":\"SearchAction\",\"target\":{\"@type\":\"EntryPoint\",\"urlTemplate\":\"https:\\\/\\\/acoustique-conseil.com\\\/en\\\/?s={search_term_string}\"},\"query-input\":{\"@type\":\"PropertyValueSpecification\",\"valueRequired\":true,\"valueName\":\"search_term_string\"}}],\"inLanguage\":\"en-US\"},{\"@type\":\"Person\",\"@id\":\"https:\\\/\\\/acoustique-conseil.com\\\/en\\\/#\\\/schema\\\/person\\\/a46440b6454d8f5dc0c443e1471dad5c\",\"name\":\"WeAreBlow\",\"image\":{\"@type\":\"ImageObject\",\"inLanguage\":\"en-US\",\"@id\":\"https:\\\/\\\/secure.gravatar.com\\\/avatar\\\/4fe45c4c426fb5aa4064d00ab9add0ae2ca6ed3b17aeb23f05d9f8cd81f0f6c8?s=96&d=mm&r=g\",\"url\":\"https:\\\/\\\/secure.gravatar.com\\\/avatar\\\/4fe45c4c426fb5aa4064d00ab9add0ae2ca6ed3b17aeb23f05d9f8cd81f0f6c8?s=96&d=mm&r=g\",\"contentUrl\":\"https:\\\/\\\/secure.gravatar.com\\\/avatar\\\/4fe45c4c426fb5aa4064d00ab9add0ae2ca6ed3b17aeb23f05d9f8cd81f0f6c8?s=96&d=mm&r=g\",\"caption\":\"WeAreBlow\"},\"sameAs\":[\"https:\\\/\\\/acoustique-conseil.com\"]}]}<\/script>\n<!-- \/ Yoast SEO plugin. -->","yoast_head_json":{"title":"1987-2017 : l'agence Sud f\u00eate ses 30 ans - Acoustique &amp; Conseil","description":"Acoustique & Conseil a r\u00e9cemment r\u00e9alis\u00e9 l\u2019\u00e9tude de l\u2019am\u00e9lioration de l\u2019acoustique interne de la salle de r\u00e9p\u00e9tition de l\u2019op\u00e9ra de Marseille situ\u00e9e dans le quartier de la Belle de Mai.","robots":{"index":"index","follow":"follow","max-snippet":"max-snippet:-1","max-image-preview":"max-image-preview:large","max-video-preview":"max-video-preview:-1"},"canonical":"https:\/\/acoustique-conseil.com\/en\/1987-2017-lagence-sud-fete-ses-30-ans\/","og_locale":"en_US","og_type":"article","og_title":"1987-2017 : l'agence Sud f\u00eate ses 30 ans - Acoustique &amp; Conseil","og_description":"Acoustique & Conseil a r\u00e9cemment r\u00e9alis\u00e9 l\u2019\u00e9tude de l\u2019am\u00e9lioration de l\u2019acoustique interne de la salle de r\u00e9p\u00e9tition de l\u2019op\u00e9ra de Marseille situ\u00e9e dans le quartier de la Belle de Mai.","og_url":"https:\/\/acoustique-conseil.com\/en\/1987-2017-lagence-sud-fete-ses-30-ans\/","og_site_name":"Acoustique &amp; Conseil","article_published_time":"2017-03-13T14:23:14+00:00","article_modified_time":"2025-04-28T12:47:24+00:00","og_image":[{"width":1920,"height":1080,"url":"https:\/\/acoustique-conseil.com\/wp-content\/uploads\/2024\/08\/projets.jpg","type":"image\/jpeg"}],"author":"WeAreBlow","twitter_card":"summary_large_image","twitter_misc":{"Written by":"WeAreBlow","Est. reading time":"2 minutes"},"schema":{"@context":"https:\/\/schema.org","@graph":[{"@type":"Article","@id":"https:\/\/acoustique-conseil.com\/en\/1987-2017-lagence-sud-fete-ses-30-ans\/#article","isPartOf":{"@id":"https:\/\/acoustique-conseil.com\/en\/1987-2017-lagence-sud-fete-ses-30-ans\/"},"author":{"name":"WeAreBlow","@id":"https:\/\/acoustique-conseil.com\/en\/#\/schema\/person\/a46440b6454d8f5dc0c443e1471dad5c"},"headline":"1987-2017 : l&#8217;agence Sud f\u00eate ses 30 ans","datePublished":"2017-03-13T14:23:14+00:00","dateModified":"2025-04-28T12:47:24+00:00","mainEntityOfPage":{"@id":"https:\/\/acoustique-conseil.com\/en\/1987-2017-lagence-sud-fete-ses-30-ans\/"},"wordCount":648,"image":{"@id":"https:\/\/acoustique-conseil.com\/en\/1987-2017-lagence-sud-fete-ses-30-ans\/#primaryimage"},"thumbnailUrl":"https:\/\/acoustique-conseil.com\/wp-content\/uploads\/2024\/08\/projets.jpg","articleSection":["Actualit\u00e9s"],"inLanguage":"en-US"},{"@type":"WebPage","@id":"https:\/\/acoustique-conseil.com\/en\/1987-2017-lagence-sud-fete-ses-30-ans\/","url":"https:\/\/acoustique-conseil.com\/en\/1987-2017-lagence-sud-fete-ses-30-ans\/","name":"1987-2017 : l'agence Sud f\u00eate ses 30 ans - Acoustique &amp; Conseil","isPartOf":{"@id":"https:\/\/acoustique-conseil.com\/en\/#website"},"primaryImageOfPage":{"@id":"https:\/\/acoustique-conseil.com\/en\/1987-2017-lagence-sud-fete-ses-30-ans\/#primaryimage"},"image":{"@id":"https:\/\/acoustique-conseil.com\/en\/1987-2017-lagence-sud-fete-ses-30-ans\/#primaryimage"},"thumbnailUrl":"https:\/\/acoustique-conseil.com\/wp-content\/uploads\/2024\/08\/projets.jpg","datePublished":"2017-03-13T14:23:14+00:00","dateModified":"2025-04-28T12:47:24+00:00","author":{"@id":"https:\/\/acoustique-conseil.com\/en\/#\/schema\/person\/a46440b6454d8f5dc0c443e1471dad5c"},"description":"Acoustique & Conseil a r\u00e9cemment r\u00e9alis\u00e9 l\u2019\u00e9tude de l\u2019am\u00e9lioration de l\u2019acoustique interne de la salle de r\u00e9p\u00e9tition de l\u2019op\u00e9ra de Marseille situ\u00e9e dans le quartier de la Belle de Mai.","breadcrumb":{"@id":"https:\/\/acoustique-conseil.com\/en\/1987-2017-lagence-sud-fete-ses-30-ans\/#breadcrumb"},"inLanguage":"en-US","potentialAction":[{"@type":"ReadAction","target":["https:\/\/acoustique-conseil.com\/en\/1987-2017-lagence-sud-fete-ses-30-ans\/"]}]},{"@type":"ImageObject","inLanguage":"en-US","@id":"https:\/\/acoustique-conseil.com\/en\/1987-2017-lagence-sud-fete-ses-30-ans\/#primaryimage","url":"https:\/\/acoustique-conseil.com\/wp-content\/uploads\/2024\/08\/projets.jpg","contentUrl":"https:\/\/acoustique-conseil.com\/wp-content\/uploads\/2024\/08\/projets.jpg","width":1920,"height":1080},{"@type":"BreadcrumbList","@id":"https:\/\/acoustique-conseil.com\/en\/1987-2017-lagence-sud-fete-ses-30-ans\/#breadcrumb","itemListElement":[{"@type":"ListItem","position":1,"name":"Accueil","item":"https:\/\/acoustique-conseil.com\/en\/"},{"@type":"ListItem","position":2,"name":"Actualit\u00e9s","item":"https:\/\/acoustique-conseil.com\/en\/category\/actualites-en\/"},{"@type":"ListItem","position":3,"name":"1987-2017 : l&rsquo;agence Sud f\u00eate ses 30 ans"}]},{"@type":"WebSite","@id":"https:\/\/acoustique-conseil.com\/en\/#website","url":"https:\/\/acoustique-conseil.com\/en\/","name":"Acoustique &amp; Conseil","description":"Bureau d&#039;\u00e9tude en acoustique et vibrations","potentialAction":[{"@type":"SearchAction","target":{"@type":"EntryPoint","urlTemplate":"https:\/\/acoustique-conseil.com\/en\/?s={search_term_string}"},"query-input":{"@type":"PropertyValueSpecification","valueRequired":true,"valueName":"search_term_string"}}],"inLanguage":"en-US"},{"@type":"Person","@id":"https:\/\/acoustique-conseil.com\/en\/#\/schema\/person\/a46440b6454d8f5dc0c443e1471dad5c","name":"WeAreBlow","image":{"@type":"ImageObject","inLanguage":"en-US","@id":"https:\/\/secure.gravatar.com\/avatar\/4fe45c4c426fb5aa4064d00ab9add0ae2ca6ed3b17aeb23f05d9f8cd81f0f6c8?s=96&d=mm&r=g","url":"https:\/\/secure.gravatar.com\/avatar\/4fe45c4c426fb5aa4064d00ab9add0ae2ca6ed3b17aeb23f05d9f8cd81f0f6c8?s=96&d=mm&r=g","contentUrl":"https:\/\/secure.gravatar.com\/avatar\/4fe45c4c426fb5aa4064d00ab9add0ae2ca6ed3b17aeb23f05d9f8cd81f0f6c8?s=96&d=mm&r=g","caption":"WeAreBlow"},"sameAs":["https:\/\/acoustique-conseil.com"]}]}},"_links":{"self":[{"href":"https:\/\/acoustique-conseil.com\/en\/wp-json\/wp\/v2\/posts\/6865","targetHints":{"allow":["GET"]}}],"collection":[{"href":"https:\/\/acoustique-conseil.com\/en\/wp-json\/wp\/v2\/posts"}],"about":[{"href":"https:\/\/acoustique-conseil.com\/en\/wp-json\/wp\/v2\/types\/post"}],"author":[{"embeddable":true,"href":"https:\/\/acoustique-conseil.com\/en\/wp-json\/wp\/v2\/users\/2"}],"replies":[{"embeddable":true,"href":"https:\/\/acoustique-conseil.com\/en\/wp-json\/wp\/v2\/comments?post=6865"}],"version-history":[{"count":1,"href":"https:\/\/acoustique-conseil.com\/en\/wp-json\/wp\/v2\/posts\/6865\/revisions"}],"predecessor-version":[{"id":6866,"href":"https:\/\/acoustique-conseil.com\/en\/wp-json\/wp\/v2\/posts\/6865\/revisions\/6866"}],"wp:featuredmedia":[{"embeddable":true,"href":"https:\/\/acoustique-conseil.com\/en\/wp-json\/wp\/v2\/media\/5762"}],"wp:attachment":[{"href":"https:\/\/acoustique-conseil.com\/en\/wp-json\/wp\/v2\/media?parent=6865"}],"wp:term":[{"taxonomy":"category","embeddable":true,"href":"https:\/\/acoustique-conseil.com\/en\/wp-json\/wp\/v2\/categories?post=6865"},{"taxonomy":"post_tag","embeddable":true,"href":"https:\/\/acoustique-conseil.com\/en\/wp-json\/wp\/v2\/tags?post=6865"}],"curies":[{"name":"wp","href":"https:\/\/api.w.org\/{rel}","templated":true}]}}