{"id":6871,"date":"2017-03-13T15:26:35","date_gmt":"2017-03-13T14:26:35","guid":{"rendered":"https:\/\/acoustique-conseil.com\/mesures-en-mesure-a-lopera-de-marseille\/"},"modified":"2025-04-28T14:49:27","modified_gmt":"2025-04-28T12:49:27","slug":"mesures-en-mesure-a-lopera-de-marseille","status":"publish","type":"post","link":"https:\/\/acoustique-conseil.com\/en\/mesures-en-mesure-a-lopera-de-marseille\/","title":{"rendered":"Mesures en mesure \u00e0 l&#8217;Op\u00e9ra de Marseille"},"content":{"rendered":"[vc_row type=&#8221;in_container&#8221; full_screen_row_position=&#8221;middle&#8221; column_margin=&#8221;default&#8221; column_direction=&#8221;default&#8221; column_direction_tablet=&#8221;default&#8221; column_direction_phone=&#8221;default&#8221; scene_position=&#8221;center&#8221; text_color=&#8221;dark&#8221; text_align=&#8221;left&#8221; row_border_radius=&#8221;none&#8221; row_border_radius_applies=&#8221;bg&#8221; overflow=&#8221;visible&#8221; overlay_strength=&#8221;0.3&#8243; gradient_direction=&#8221;left_to_right&#8221; shape_divider_position=&#8221;bottom&#8221; bg_image_animation=&#8221;none&#8221; gradient_type=&#8221;default&#8221; shape_type=&#8221;&#8221;][vc_column column_padding=&#8221;no-extra-padding&#8221; column_padding_tablet=&#8221;inherit&#8221; column_padding_phone=&#8221;inherit&#8221; column_padding_position=&#8221;all&#8221; column_element_direction_desktop=&#8221;default&#8221; column_element_spacing=&#8221;default&#8221; desktop_text_alignment=&#8221;default&#8221; tablet_text_alignment=&#8221;default&#8221; phone_text_alignment=&#8221;default&#8221; background_color_opacity=&#8221;1&#8243; background_hover_color_opacity=&#8221;1&#8243; column_backdrop_filter=&#8221;none&#8221; column_shadow=&#8221;none&#8221; column_border_radius=&#8221;none&#8221; column_link_target=&#8221;_self&#8221; column_position=&#8221;default&#8221; gradient_direction=&#8221;left_to_right&#8221; overlay_strength=&#8221;0.3&#8243; width=&#8221;1\/1&#8243; tablet_width_inherit=&#8221;default&#8221; animation_type=&#8221;default&#8221; bg_image_animation=&#8221;none&#8221; border_type=&#8221;simple&#8221; column_border_width=&#8221;none&#8221; column_border_style=&#8221;solid&#8221;][vc_column_text css=&#8221;&#8221; text_direction=&#8221;default&#8221;]Acoustique &amp; Conseil a r\u00e9cemment r\u00e9alis\u00e9 l\u2019\u00e9tude de l\u2019am\u00e9lioration de l\u2019acoustique interne de la salle de r\u00e9p\u00e9tition de l\u2019op\u00e9ra de Marseille situ\u00e9e dans le quartier de la Belle de Mai.<\/p>\n<p>A cette occasion, nous avons pu r\u00e9aliser des mesures de la salle vide afin de caract\u00e9riser les diff\u00e9rents crit\u00e8res de salle (Clart\u00e9, dur\u00e9e de r\u00e9verb\u00e9ration, etc.), mais aussi de r\u00e9aliser des mesures lors de la r\u00e9p\u00e9tition des musiciens. Nous avons pu assister \u00e0 la r\u00e9p\u00e9tition de Daphnis et Clo\u00e9 de Ravel.<br \/>\nCe fut \u00e9galement l\u2019occasion de discuter avec les musiciens de l\u2019op\u00e9ra afin d\u2019adapter l&#8217;\u00e9tude \u00e0 leur ressenti et leurs besoins.<\/p>\n<p>Nous irons prochainement \u00e0 l\u2019op\u00e9ra de Marseille afin de r\u00e9aliser l\u2019\u00e9tude de l\u2019am\u00e9lioration de la salle de r\u00e9p\u00e9tition des choristes de l\u2019op\u00e9ra.<\/p>\n<p>Pour d\u00e9couvrir nos r\u00e9f\u00e9rences culturelles, c&#8217;est ici :<br \/>\n<a href=\"http:\/\/www.acoustique-conseil.com\/fr\/activite\/acoustique-culture\" target=\"_blank\" rel=\"noopener\">http:\/\/www.acoustique-conseil.com\/fr\/activite\/acoustique-culture<\/a>[\/vc_column_text][\/vc_column][\/vc_row][vc_row type=&#8221;in_container&#8221; full_screen_row_position=&#8221;middle&#8221; column_margin=&#8221;default&#8221; column_direction=&#8221;default&#8221; column_direction_tablet=&#8221;default&#8221; column_direction_phone=&#8221;default&#8221; scene_position=&#8221;center&#8221; text_color=&#8221;dark&#8221; text_align=&#8221;left&#8221; row_border_radius=&#8221;none&#8221; row_border_radius_applies=&#8221;bg&#8221; overflow=&#8221;visible&#8221; overlay_strength=&#8221;0.3&#8243; gradient_direction=&#8221;left_to_right&#8221; shape_divider_position=&#8221;bottom&#8221; bg_image_animation=&#8221;none&#8221;][vc_column column_padding=&#8221;no-extra-padding&#8221; column_padding_tablet=&#8221;inherit&#8221; column_padding_phone=&#8221;inherit&#8221; column_padding_position=&#8221;all&#8221; column_element_direction_desktop=&#8221;default&#8221; column_element_spacing=&#8221;default&#8221; desktop_text_alignment=&#8221;default&#8221; tablet_text_alignment=&#8221;default&#8221; phone_text_alignment=&#8221;default&#8221; background_color_opacity=&#8221;1&#8243; background_hover_color_opacity=&#8221;1&#8243; column_backdrop_filter=&#8221;none&#8221; column_shadow=&#8221;none&#8221; column_border_radius=&#8221;none&#8221; column_link_target=&#8221;_self&#8221; column_position=&#8221;default&#8221; gradient_direction=&#8221;left_to_right&#8221; overlay_strength=&#8221;0.3&#8243; width=&#8221;1\/1&#8243; tablet_width_inherit=&#8221;default&#8221; animation_type=&#8221;default&#8221; bg_image_animation=&#8221;none&#8221; border_type=&#8221;simple&#8221; column_border_width=&#8221;none&#8221; column_border_style=&#8221;solid&#8221;][nectar_global_section id=&#8221;6718&#8243;][\/vc_column][\/vc_row]\n","protected":false},"excerpt":{"rendered":"<p>[vc_row type=&#8221;in_container&#8221; full_screen_row_position=&#8221;middle&#8221; column_margin=&#8221;default&#8221; column_direction=&#8221;default&#8221; column_direction_tablet=&#8221;default&#8221; column_direction_phone=&#8221;default&#8221; scene_position=&#8221;center&#8221; text_color=&#8221;dark&#8221; text_align=&#8221;left&#8221; row_border_radius=&#8221;none&#8221; row_border_radius_applies=&#8221;bg&#8221; overflow=&#8221;visible&#8221; overlay_strength=&#8221;0.3&#8243; gradient_direction=&#8221;left_to_right&#8221; shape_divider_position=&#8221;bottom&#8221; bg_image_animation=&#8221;none&#8221; gradient_type=&#8221;default&#8221; shape_type=&#8221;&#8221;][vc_column column_padding=&#8221;no-extra-padding&#8221; column_padding_tablet=&#8221;inherit&#8221; column_padding_phone=&#8221;inherit&#8221; column_padding_position=&#8221;all&#8221; column_element_direction_desktop=&#8221;default&#8221; column_element_spacing=&#8221;default&#8221; desktop_text_alignment=&#8221;default&#8221; tablet_text_alignment=&#8221;default&#8221; phone_text_alignment=&#8221;default&#8221; background_color_opacity=&#8221;1&#8243; background_hover_color_opacity=&#8221;1&#8243;&#8230;<\/p>\n","protected":false},"author":2,"featured_media":5923,"comment_status":"closed","ping_status":"open","sticky":false,"template":"","format":"standard","meta":{"_acf_changed":false,"footnotes":""},"categories":[246],"tags":[],"class_list":{"0":"post-6871","1":"post","2":"type-post","3":"status-publish","4":"format-standard","5":"has-post-thumbnail","7":"category-actualites-en"},"acf":[],"yoast_head":"<!-- This site is optimized with the Yoast SEO plugin v27.5 - https:\/\/yoast.com\/product\/yoast-seo-wordpress\/ -->\n<title>Mesures en mesure \u00e0 l&#039;Op\u00e9ra de Marseille - Acoustique &amp; Conseil<\/title>\n<meta name=\"description\" content=\"Acoustique &amp; Conseil a r\u00e9cemment r\u00e9alis\u00e9 l\u2019\u00e9tude de l\u2019am\u00e9lioration de l\u2019acoustique interne de la salle de r\u00e9p\u00e9tition de l\u2019op\u00e9ra de Marseille situ\u00e9e dans le quartier de la Belle de Mai.\" \/>\n<meta name=\"robots\" content=\"index, follow, max-snippet:-1, max-image-preview:large, max-video-preview:-1\" \/>\n<link rel=\"canonical\" href=\"https:\/\/acoustique-conseil.com\/en\/mesures-en-mesure-a-lopera-de-marseille\/\" \/>\n<meta property=\"og:locale\" content=\"en_US\" \/>\n<meta property=\"og:type\" content=\"article\" \/>\n<meta property=\"og:title\" content=\"Mesures en mesure \u00e0 l&#039;Op\u00e9ra de Marseille - Acoustique &amp; Conseil\" \/>\n<meta property=\"og:description\" content=\"Acoustique &amp; Conseil a r\u00e9cemment r\u00e9alis\u00e9 l\u2019\u00e9tude de l\u2019am\u00e9lioration de l\u2019acoustique interne de la salle de r\u00e9p\u00e9tition de l\u2019op\u00e9ra de Marseille situ\u00e9e dans le quartier de la Belle de Mai.\" \/>\n<meta property=\"og:url\" content=\"https:\/\/acoustique-conseil.com\/en\/mesures-en-mesure-a-lopera-de-marseille\/\" \/>\n<meta property=\"og:site_name\" content=\"Acoustique &amp; Conseil\" \/>\n<meta property=\"article:published_time\" content=\"2017-03-13T14:26:35+00:00\" \/>\n<meta property=\"article:modified_time\" content=\"2025-04-28T12:49:27+00:00\" \/>\n<meta property=\"og:image\" content=\"https:\/\/acoustique-conseil.com\/wp-content\/uploads\/2024\/10\/opera3.jpg\" \/>\n\t<meta property=\"og:image:width\" content=\"512\" \/>\n\t<meta property=\"og:image:height\" content=\"512\" \/>\n\t<meta property=\"og:image:type\" content=\"image\/jpeg\" \/>\n<meta name=\"author\" content=\"WeAreBlow\" \/>\n<meta name=\"twitter:card\" content=\"summary_large_image\" \/>\n<meta name=\"twitter:label1\" content=\"Written by\" \/>\n\t<meta name=\"twitter:data1\" content=\"WeAreBlow\" \/>\n\t<meta name=\"twitter:label2\" content=\"Est. reading time\" \/>\n\t<meta name=\"twitter:data2\" content=\"1 minute\" \/>\n<script type=\"application\/ld+json\" class=\"yoast-schema-graph\">{\"@context\":\"https:\\\/\\\/schema.org\",\"@graph\":[{\"@type\":\"Article\",\"@id\":\"https:\\\/\\\/acoustique-conseil.com\\\/en\\\/mesures-en-mesure-a-lopera-de-marseille\\\/#article\",\"isPartOf\":{\"@id\":\"https:\\\/\\\/acoustique-conseil.com\\\/en\\\/mesures-en-mesure-a-lopera-de-marseille\\\/\"},\"author\":{\"name\":\"WeAreBlow\",\"@id\":\"https:\\\/\\\/acoustique-conseil.com\\\/en\\\/#\\\/schema\\\/person\\\/a46440b6454d8f5dc0c443e1471dad5c\"},\"headline\":\"Mesures en mesure \u00e0 l&#8217;Op\u00e9ra de Marseille\",\"datePublished\":\"2017-03-13T14:26:35+00:00\",\"dateModified\":\"2025-04-28T12:49:27+00:00\",\"mainEntityOfPage\":{\"@id\":\"https:\\\/\\\/acoustique-conseil.com\\\/en\\\/mesures-en-mesure-a-lopera-de-marseille\\\/\"},\"wordCount\":515,\"image\":{\"@id\":\"https:\\\/\\\/acoustique-conseil.com\\\/en\\\/mesures-en-mesure-a-lopera-de-marseille\\\/#primaryimage\"},\"thumbnailUrl\":\"https:\\\/\\\/acoustique-conseil.com\\\/wp-content\\\/uploads\\\/2024\\\/10\\\/opera3.jpg\",\"articleSection\":[\"Actualit\u00e9s\"],\"inLanguage\":\"en-US\"},{\"@type\":\"WebPage\",\"@id\":\"https:\\\/\\\/acoustique-conseil.com\\\/en\\\/mesures-en-mesure-a-lopera-de-marseille\\\/\",\"url\":\"https:\\\/\\\/acoustique-conseil.com\\\/en\\\/mesures-en-mesure-a-lopera-de-marseille\\\/\",\"name\":\"Mesures en mesure \u00e0 l'Op\u00e9ra de Marseille - Acoustique &amp; Conseil\",\"isPartOf\":{\"@id\":\"https:\\\/\\\/acoustique-conseil.com\\\/en\\\/#website\"},\"primaryImageOfPage\":{\"@id\":\"https:\\\/\\\/acoustique-conseil.com\\\/en\\\/mesures-en-mesure-a-lopera-de-marseille\\\/#primaryimage\"},\"image\":{\"@id\":\"https:\\\/\\\/acoustique-conseil.com\\\/en\\\/mesures-en-mesure-a-lopera-de-marseille\\\/#primaryimage\"},\"thumbnailUrl\":\"https:\\\/\\\/acoustique-conseil.com\\\/wp-content\\\/uploads\\\/2024\\\/10\\\/opera3.jpg\",\"datePublished\":\"2017-03-13T14:26:35+00:00\",\"dateModified\":\"2025-04-28T12:49:27+00:00\",\"author\":{\"@id\":\"https:\\\/\\\/acoustique-conseil.com\\\/en\\\/#\\\/schema\\\/person\\\/a46440b6454d8f5dc0c443e1471dad5c\"},\"description\":\"Acoustique & Conseil a r\u00e9cemment r\u00e9alis\u00e9 l\u2019\u00e9tude de l\u2019am\u00e9lioration de l\u2019acoustique interne de la salle de r\u00e9p\u00e9tition de l\u2019op\u00e9ra de Marseille situ\u00e9e dans le quartier de la Belle de Mai.\",\"breadcrumb\":{\"@id\":\"https:\\\/\\\/acoustique-conseil.com\\\/en\\\/mesures-en-mesure-a-lopera-de-marseille\\\/#breadcrumb\"},\"inLanguage\":\"en-US\",\"potentialAction\":[{\"@type\":\"ReadAction\",\"target\":[\"https:\\\/\\\/acoustique-conseil.com\\\/en\\\/mesures-en-mesure-a-lopera-de-marseille\\\/\"]}]},{\"@type\":\"ImageObject\",\"inLanguage\":\"en-US\",\"@id\":\"https:\\\/\\\/acoustique-conseil.com\\\/en\\\/mesures-en-mesure-a-lopera-de-marseille\\\/#primaryimage\",\"url\":\"https:\\\/\\\/acoustique-conseil.com\\\/wp-content\\\/uploads\\\/2024\\\/10\\\/opera3.jpg\",\"contentUrl\":\"https:\\\/\\\/acoustique-conseil.com\\\/wp-content\\\/uploads\\\/2024\\\/10\\\/opera3.jpg\",\"width\":512,\"height\":512},{\"@type\":\"BreadcrumbList\",\"@id\":\"https:\\\/\\\/acoustique-conseil.com\\\/en\\\/mesures-en-mesure-a-lopera-de-marseille\\\/#breadcrumb\",\"itemListElement\":[{\"@type\":\"ListItem\",\"position\":1,\"name\":\"Accueil\",\"item\":\"https:\\\/\\\/acoustique-conseil.com\\\/en\\\/\"},{\"@type\":\"ListItem\",\"position\":2,\"name\":\"Actualit\u00e9s\",\"item\":\"https:\\\/\\\/acoustique-conseil.com\\\/en\\\/category\\\/actualites-en\\\/\"},{\"@type\":\"ListItem\",\"position\":3,\"name\":\"Mesures en mesure \u00e0 l&rsquo;Op\u00e9ra de Marseille\"}]},{\"@type\":\"WebSite\",\"@id\":\"https:\\\/\\\/acoustique-conseil.com\\\/en\\\/#website\",\"url\":\"https:\\\/\\\/acoustique-conseil.com\\\/en\\\/\",\"name\":\"Acoustique &amp; Conseil\",\"description\":\"Bureau d&#039;\u00e9tude en acoustique et vibrations\",\"potentialAction\":[{\"@type\":\"SearchAction\",\"target\":{\"@type\":\"EntryPoint\",\"urlTemplate\":\"https:\\\/\\\/acoustique-conseil.com\\\/en\\\/?s={search_term_string}\"},\"query-input\":{\"@type\":\"PropertyValueSpecification\",\"valueRequired\":true,\"valueName\":\"search_term_string\"}}],\"inLanguage\":\"en-US\"},{\"@type\":\"Person\",\"@id\":\"https:\\\/\\\/acoustique-conseil.com\\\/en\\\/#\\\/schema\\\/person\\\/a46440b6454d8f5dc0c443e1471dad5c\",\"name\":\"WeAreBlow\",\"image\":{\"@type\":\"ImageObject\",\"inLanguage\":\"en-US\",\"@id\":\"https:\\\/\\\/secure.gravatar.com\\\/avatar\\\/4fe45c4c426fb5aa4064d00ab9add0ae2ca6ed3b17aeb23f05d9f8cd81f0f6c8?s=96&d=mm&r=g\",\"url\":\"https:\\\/\\\/secure.gravatar.com\\\/avatar\\\/4fe45c4c426fb5aa4064d00ab9add0ae2ca6ed3b17aeb23f05d9f8cd81f0f6c8?s=96&d=mm&r=g\",\"contentUrl\":\"https:\\\/\\\/secure.gravatar.com\\\/avatar\\\/4fe45c4c426fb5aa4064d00ab9add0ae2ca6ed3b17aeb23f05d9f8cd81f0f6c8?s=96&d=mm&r=g\",\"caption\":\"WeAreBlow\"},\"sameAs\":[\"https:\\\/\\\/acoustique-conseil.com\"]}]}<\/script>\n<!-- \/ Yoast SEO plugin. -->","yoast_head_json":{"title":"Mesures en mesure \u00e0 l'Op\u00e9ra de Marseille - Acoustique &amp; Conseil","description":"Acoustique & Conseil a r\u00e9cemment r\u00e9alis\u00e9 l\u2019\u00e9tude de l\u2019am\u00e9lioration de l\u2019acoustique interne de la salle de r\u00e9p\u00e9tition de l\u2019op\u00e9ra de Marseille situ\u00e9e dans le quartier de la Belle de Mai.","robots":{"index":"index","follow":"follow","max-snippet":"max-snippet:-1","max-image-preview":"max-image-preview:large","max-video-preview":"max-video-preview:-1"},"canonical":"https:\/\/acoustique-conseil.com\/en\/mesures-en-mesure-a-lopera-de-marseille\/","og_locale":"en_US","og_type":"article","og_title":"Mesures en mesure \u00e0 l'Op\u00e9ra de Marseille - Acoustique &amp; Conseil","og_description":"Acoustique & Conseil a r\u00e9cemment r\u00e9alis\u00e9 l\u2019\u00e9tude de l\u2019am\u00e9lioration de l\u2019acoustique interne de la salle de r\u00e9p\u00e9tition de l\u2019op\u00e9ra de Marseille situ\u00e9e dans le quartier de la Belle de Mai.","og_url":"https:\/\/acoustique-conseil.com\/en\/mesures-en-mesure-a-lopera-de-marseille\/","og_site_name":"Acoustique &amp; Conseil","article_published_time":"2017-03-13T14:26:35+00:00","article_modified_time":"2025-04-28T12:49:27+00:00","og_image":[{"width":512,"height":512,"url":"https:\/\/acoustique-conseil.com\/wp-content\/uploads\/2024\/10\/opera3.jpg","type":"image\/jpeg"}],"author":"WeAreBlow","twitter_card":"summary_large_image","twitter_misc":{"Written by":"WeAreBlow","Est. reading time":"1 minute"},"schema":{"@context":"https:\/\/schema.org","@graph":[{"@type":"Article","@id":"https:\/\/acoustique-conseil.com\/en\/mesures-en-mesure-a-lopera-de-marseille\/#article","isPartOf":{"@id":"https:\/\/acoustique-conseil.com\/en\/mesures-en-mesure-a-lopera-de-marseille\/"},"author":{"name":"WeAreBlow","@id":"https:\/\/acoustique-conseil.com\/en\/#\/schema\/person\/a46440b6454d8f5dc0c443e1471dad5c"},"headline":"Mesures en mesure \u00e0 l&#8217;Op\u00e9ra de Marseille","datePublished":"2017-03-13T14:26:35+00:00","dateModified":"2025-04-28T12:49:27+00:00","mainEntityOfPage":{"@id":"https:\/\/acoustique-conseil.com\/en\/mesures-en-mesure-a-lopera-de-marseille\/"},"wordCount":515,"image":{"@id":"https:\/\/acoustique-conseil.com\/en\/mesures-en-mesure-a-lopera-de-marseille\/#primaryimage"},"thumbnailUrl":"https:\/\/acoustique-conseil.com\/wp-content\/uploads\/2024\/10\/opera3.jpg","articleSection":["Actualit\u00e9s"],"inLanguage":"en-US"},{"@type":"WebPage","@id":"https:\/\/acoustique-conseil.com\/en\/mesures-en-mesure-a-lopera-de-marseille\/","url":"https:\/\/acoustique-conseil.com\/en\/mesures-en-mesure-a-lopera-de-marseille\/","name":"Mesures en mesure \u00e0 l'Op\u00e9ra de Marseille - Acoustique &amp; Conseil","isPartOf":{"@id":"https:\/\/acoustique-conseil.com\/en\/#website"},"primaryImageOfPage":{"@id":"https:\/\/acoustique-conseil.com\/en\/mesures-en-mesure-a-lopera-de-marseille\/#primaryimage"},"image":{"@id":"https:\/\/acoustique-conseil.com\/en\/mesures-en-mesure-a-lopera-de-marseille\/#primaryimage"},"thumbnailUrl":"https:\/\/acoustique-conseil.com\/wp-content\/uploads\/2024\/10\/opera3.jpg","datePublished":"2017-03-13T14:26:35+00:00","dateModified":"2025-04-28T12:49:27+00:00","author":{"@id":"https:\/\/acoustique-conseil.com\/en\/#\/schema\/person\/a46440b6454d8f5dc0c443e1471dad5c"},"description":"Acoustique & Conseil a r\u00e9cemment r\u00e9alis\u00e9 l\u2019\u00e9tude de l\u2019am\u00e9lioration de l\u2019acoustique interne de la salle de r\u00e9p\u00e9tition de l\u2019op\u00e9ra de Marseille situ\u00e9e dans le quartier de la Belle de Mai.","breadcrumb":{"@id":"https:\/\/acoustique-conseil.com\/en\/mesures-en-mesure-a-lopera-de-marseille\/#breadcrumb"},"inLanguage":"en-US","potentialAction":[{"@type":"ReadAction","target":["https:\/\/acoustique-conseil.com\/en\/mesures-en-mesure-a-lopera-de-marseille\/"]}]},{"@type":"ImageObject","inLanguage":"en-US","@id":"https:\/\/acoustique-conseil.com\/en\/mesures-en-mesure-a-lopera-de-marseille\/#primaryimage","url":"https:\/\/acoustique-conseil.com\/wp-content\/uploads\/2024\/10\/opera3.jpg","contentUrl":"https:\/\/acoustique-conseil.com\/wp-content\/uploads\/2024\/10\/opera3.jpg","width":512,"height":512},{"@type":"BreadcrumbList","@id":"https:\/\/acoustique-conseil.com\/en\/mesures-en-mesure-a-lopera-de-marseille\/#breadcrumb","itemListElement":[{"@type":"ListItem","position":1,"name":"Accueil","item":"https:\/\/acoustique-conseil.com\/en\/"},{"@type":"ListItem","position":2,"name":"Actualit\u00e9s","item":"https:\/\/acoustique-conseil.com\/en\/category\/actualites-en\/"},{"@type":"ListItem","position":3,"name":"Mesures en mesure \u00e0 l&rsquo;Op\u00e9ra de Marseille"}]},{"@type":"WebSite","@id":"https:\/\/acoustique-conseil.com\/en\/#website","url":"https:\/\/acoustique-conseil.com\/en\/","name":"Acoustique &amp; Conseil","description":"Bureau d&#039;\u00e9tude en acoustique et vibrations","potentialAction":[{"@type":"SearchAction","target":{"@type":"EntryPoint","urlTemplate":"https:\/\/acoustique-conseil.com\/en\/?s={search_term_string}"},"query-input":{"@type":"PropertyValueSpecification","valueRequired":true,"valueName":"search_term_string"}}],"inLanguage":"en-US"},{"@type":"Person","@id":"https:\/\/acoustique-conseil.com\/en\/#\/schema\/person\/a46440b6454d8f5dc0c443e1471dad5c","name":"WeAreBlow","image":{"@type":"ImageObject","inLanguage":"en-US","@id":"https:\/\/secure.gravatar.com\/avatar\/4fe45c4c426fb5aa4064d00ab9add0ae2ca6ed3b17aeb23f05d9f8cd81f0f6c8?s=96&d=mm&r=g","url":"https:\/\/secure.gravatar.com\/avatar\/4fe45c4c426fb5aa4064d00ab9add0ae2ca6ed3b17aeb23f05d9f8cd81f0f6c8?s=96&d=mm&r=g","contentUrl":"https:\/\/secure.gravatar.com\/avatar\/4fe45c4c426fb5aa4064d00ab9add0ae2ca6ed3b17aeb23f05d9f8cd81f0f6c8?s=96&d=mm&r=g","caption":"WeAreBlow"},"sameAs":["https:\/\/acoustique-conseil.com"]}]}},"_links":{"self":[{"href":"https:\/\/acoustique-conseil.com\/en\/wp-json\/wp\/v2\/posts\/6871","targetHints":{"allow":["GET"]}}],"collection":[{"href":"https:\/\/acoustique-conseil.com\/en\/wp-json\/wp\/v2\/posts"}],"about":[{"href":"https:\/\/acoustique-conseil.com\/en\/wp-json\/wp\/v2\/types\/post"}],"author":[{"embeddable":true,"href":"https:\/\/acoustique-conseil.com\/en\/wp-json\/wp\/v2\/users\/2"}],"replies":[{"embeddable":true,"href":"https:\/\/acoustique-conseil.com\/en\/wp-json\/wp\/v2\/comments?post=6871"}],"version-history":[{"count":1,"href":"https:\/\/acoustique-conseil.com\/en\/wp-json\/wp\/v2\/posts\/6871\/revisions"}],"predecessor-version":[{"id":6872,"href":"https:\/\/acoustique-conseil.com\/en\/wp-json\/wp\/v2\/posts\/6871\/revisions\/6872"}],"wp:featuredmedia":[{"embeddable":true,"href":"https:\/\/acoustique-conseil.com\/en\/wp-json\/wp\/v2\/media\/5923"}],"wp:attachment":[{"href":"https:\/\/acoustique-conseil.com\/en\/wp-json\/wp\/v2\/media?parent=6871"}],"wp:term":[{"taxonomy":"category","embeddable":true,"href":"https:\/\/acoustique-conseil.com\/en\/wp-json\/wp\/v2\/categories?post=6871"},{"taxonomy":"post_tag","embeddable":true,"href":"https:\/\/acoustique-conseil.com\/en\/wp-json\/wp\/v2\/tags?post=6871"}],"curies":[{"name":"wp","href":"https:\/\/api.w.org\/{rel}","templated":true}]}}