{"id":6881,"date":"2016-10-04T17:08:21","date_gmt":"2016-10-04T15:08:21","guid":{"rendered":"https:\/\/acoustique-conseil.com\/atelier-ville-durable-un-collectif-pour-la-ville-de-demain\/"},"modified":"2025-04-28T14:54:28","modified_gmt":"2025-04-28T12:54:28","slug":"atelier-ville-durable-un-collectif-pour-la-ville-de-demain","status":"publish","type":"post","link":"https:\/\/acoustique-conseil.com\/en\/atelier-ville-durable-un-collectif-pour-la-ville-de-demain\/","title":{"rendered":"Atelier ville durable : un collectif pour la ville de demain"},"content":{"rendered":"[vc_row type=&#8221;in_container&#8221; full_screen_row_position=&#8221;middle&#8221; column_margin=&#8221;default&#8221; column_direction=&#8221;default&#8221; column_direction_tablet=&#8221;default&#8221; column_direction_phone=&#8221;default&#8221; scene_position=&#8221;center&#8221; text_color=&#8221;dark&#8221; text_align=&#8221;left&#8221; row_border_radius=&#8221;none&#8221; row_border_radius_applies=&#8221;bg&#8221; overflow=&#8221;visible&#8221; overlay_strength=&#8221;0.3&#8243; gradient_direction=&#8221;left_to_right&#8221; shape_divider_position=&#8221;bottom&#8221; bg_image_animation=&#8221;none&#8221; gradient_type=&#8221;default&#8221; shape_type=&#8221;&#8221;][vc_column column_padding=&#8221;no-extra-padding&#8221; column_padding_tablet=&#8221;inherit&#8221; column_padding_phone=&#8221;inherit&#8221; column_padding_position=&#8221;all&#8221; column_element_direction_desktop=&#8221;default&#8221; column_element_spacing=&#8221;default&#8221; desktop_text_alignment=&#8221;default&#8221; tablet_text_alignment=&#8221;default&#8221; phone_text_alignment=&#8221;default&#8221; background_color_opacity=&#8221;1&#8243; background_hover_color_opacity=&#8221;1&#8243; column_backdrop_filter=&#8221;none&#8221; column_shadow=&#8221;none&#8221; column_border_radius=&#8221;none&#8221; column_link_target=&#8221;_self&#8221; column_position=&#8221;default&#8221; gradient_direction=&#8221;left_to_right&#8221; overlay_strength=&#8221;0.3&#8243; width=&#8221;1\/1&#8243; tablet_width_inherit=&#8221;default&#8221; animation_type=&#8221;default&#8221; bg_image_animation=&#8221;none&#8221; border_type=&#8221;simple&#8221; column_border_width=&#8221;none&#8221; column_border_style=&#8221;solid&#8221;][vc_column_text css=&#8221;&#8221; text_direction=&#8221;default&#8221;]Atelier Ville Durable (AVD) est un groupement de TPE et PME fran\u00e7aises sp\u00e9cialis\u00e9es dans les questions du d\u00e9veloppement durable, r\u00e9unies pour \u00e9changer, mutualiser et valoriser leurs comp\u00e9tences pour mettre en \u0153uvre concr\u00e8tement la ville durable, intelligente et citoyenne.<\/p>\n<p>AVD est avant tout un laboratoire permettant de questionner la vision de la ville de demain. Pour chaque projet, il mobilise ses entreprises les plus concern\u00e9es en op\u00e9rant transversalement chacune dans des champs compl\u00e9mentaires.<\/p>\n<p>Les membres d\u2019AVD s\u2019engagent \u00e0 promouvoir et \u00e0 mettre en \u0153uvre le d\u00e9veloppement durable, valeur fondamentale \u00e0 laquelle ils adh\u00e8rent, dans la construction de la ville \u00e0 ses diff\u00e9rentes composantes et \u00e9chelles.<\/p>\n<p>Le groupement porte une vision politique de la ville durable et qu\u2019il concilie avec des aspects plus techniques, ma\u00eetris\u00e9s par ses experts, afin de rendre plus concr\u00e8te l\u2019intervention sur la ville durable.<br \/>\nAVD intervient en France et \u00e0 l\u2019\u00e9tranger.<\/p>\n<p>Le groupement est constitu\u00e9 de : Vizea (LesEnR), Acoustique et Conseil, ATM, Dm Compost, Le Sens Urbain, OGE , Trame, Topager.<\/p>\n<p>N\u2019h\u00e9sitez pas \u00e0 contacter Eric GAUCHER ou Chiara SIMEONE afin d\u2019avoir plus de renseignements ![\/vc_column_text][\/vc_column][\/vc_row][vc_row type=&#8221;in_container&#8221; full_screen_row_position=&#8221;middle&#8221; column_margin=&#8221;default&#8221; column_direction=&#8221;default&#8221; column_direction_tablet=&#8221;default&#8221; column_direction_phone=&#8221;default&#8221; scene_position=&#8221;center&#8221; text_color=&#8221;dark&#8221; text_align=&#8221;left&#8221; row_border_radius=&#8221;none&#8221; row_border_radius_applies=&#8221;bg&#8221; overflow=&#8221;visible&#8221; overlay_strength=&#8221;0.3&#8243; gradient_direction=&#8221;left_to_right&#8221; shape_divider_position=&#8221;bottom&#8221; bg_image_animation=&#8221;none&#8221;][vc_column column_padding=&#8221;no-extra-padding&#8221; column_padding_tablet=&#8221;inherit&#8221; column_padding_phone=&#8221;inherit&#8221; column_padding_position=&#8221;all&#8221; column_element_direction_desktop=&#8221;default&#8221; column_element_spacing=&#8221;default&#8221; desktop_text_alignment=&#8221;default&#8221; tablet_text_alignment=&#8221;default&#8221; phone_text_alignment=&#8221;default&#8221; background_color_opacity=&#8221;1&#8243; background_hover_color_opacity=&#8221;1&#8243; column_backdrop_filter=&#8221;none&#8221; column_shadow=&#8221;none&#8221; column_border_radius=&#8221;none&#8221; column_link_target=&#8221;_self&#8221; column_position=&#8221;default&#8221; gradient_direction=&#8221;left_to_right&#8221; overlay_strength=&#8221;0.3&#8243; width=&#8221;1\/1&#8243; tablet_width_inherit=&#8221;default&#8221; animation_type=&#8221;default&#8221; bg_image_animation=&#8221;none&#8221; border_type=&#8221;simple&#8221; column_border_width=&#8221;none&#8221; column_border_style=&#8221;solid&#8221;][nectar_global_section id=&#8221;6718&#8243;][\/vc_column][\/vc_row]\n","protected":false},"excerpt":{"rendered":"<p>[vc_row type=&#8221;in_container&#8221; full_screen_row_position=&#8221;middle&#8221; column_margin=&#8221;default&#8221; column_direction=&#8221;default&#8221; column_direction_tablet=&#8221;default&#8221; column_direction_phone=&#8221;default&#8221; scene_position=&#8221;center&#8221; text_color=&#8221;dark&#8221; text_align=&#8221;left&#8221; row_border_radius=&#8221;none&#8221; row_border_radius_applies=&#8221;bg&#8221; overflow=&#8221;visible&#8221; overlay_strength=&#8221;0.3&#8243; gradient_direction=&#8221;left_to_right&#8221; shape_divider_position=&#8221;bottom&#8221; bg_image_animation=&#8221;none&#8221; gradient_type=&#8221;default&#8221; shape_type=&#8221;&#8221;][vc_column column_padding=&#8221;no-extra-padding&#8221; column_padding_tablet=&#8221;inherit&#8221; column_padding_phone=&#8221;inherit&#8221; column_padding_position=&#8221;all&#8221; column_element_direction_desktop=&#8221;default&#8221; column_element_spacing=&#8221;default&#8221; desktop_text_alignment=&#8221;default&#8221; tablet_text_alignment=&#8221;default&#8221; phone_text_alignment=&#8221;default&#8221; background_color_opacity=&#8221;1&#8243; background_hover_color_opacity=&#8221;1&#8243;&#8230;<\/p>\n","protected":false},"author":2,"featured_media":5929,"comment_status":"closed","ping_status":"open","sticky":false,"template":"","format":"standard","meta":{"_acf_changed":false,"footnotes":""},"categories":[246],"tags":[],"class_list":{"0":"post-6881","1":"post","2":"type-post","3":"status-publish","4":"format-standard","5":"has-post-thumbnail","7":"category-actualites-en"},"acf":[],"yoast_head":"<!-- This site is optimized with the Yoast SEO plugin v27.5 - https:\/\/yoast.com\/product\/yoast-seo-wordpress\/ -->\n<title>Atelier ville durable : un collectif pour la ville de demain - Acoustique &amp; Conseil<\/title>\n<meta name=\"description\" content=\"Atelier Ville Durable (AVD) est un groupement de TPE et PME fran\u00e7aises sp\u00e9cialis\u00e9es dans les questions du d\u00e9veloppement durable, r\u00e9unies pour \u00e9changer, mutualiser et valoriser leurs comp\u00e9tences pour mettre en \u0153uvre concr\u00e8tement la ville durable, intelligente et citoyenne.\" \/>\n<meta name=\"robots\" content=\"index, follow, max-snippet:-1, max-image-preview:large, max-video-preview:-1\" \/>\n<link rel=\"canonical\" href=\"https:\/\/acoustique-conseil.com\/en\/atelier-ville-durable-un-collectif-pour-la-ville-de-demain\/\" \/>\n<meta property=\"og:locale\" content=\"en_US\" \/>\n<meta property=\"og:type\" content=\"article\" \/>\n<meta property=\"og:title\" content=\"Atelier ville durable : un collectif pour la ville de demain - Acoustique &amp; Conseil\" \/>\n<meta property=\"og:description\" content=\"Atelier Ville Durable (AVD) est un groupement de TPE et PME fran\u00e7aises sp\u00e9cialis\u00e9es dans les questions du d\u00e9veloppement durable, r\u00e9unies pour \u00e9changer, mutualiser et valoriser leurs comp\u00e9tences pour mettre en \u0153uvre concr\u00e8tement la ville durable, intelligente et citoyenne.\" \/>\n<meta property=\"og:url\" content=\"https:\/\/acoustique-conseil.com\/en\/atelier-ville-durable-un-collectif-pour-la-ville-de-demain\/\" \/>\n<meta property=\"og:site_name\" content=\"Acoustique &amp; Conseil\" \/>\n<meta property=\"article:published_time\" content=\"2016-10-04T15:08:21+00:00\" \/>\n<meta property=\"article:modified_time\" content=\"2025-04-28T12:54:28+00:00\" \/>\n<meta property=\"og:image\" content=\"https:\/\/acoustique-conseil.com\/wp-content\/uploads\/2024\/10\/avdlarge.png\" \/>\n\t<meta property=\"og:image:width\" content=\"512\" \/>\n\t<meta property=\"og:image:height\" content=\"512\" \/>\n\t<meta property=\"og:image:type\" content=\"image\/png\" \/>\n<meta name=\"author\" content=\"WeAreBlow\" \/>\n<meta name=\"twitter:card\" content=\"summary_large_image\" \/>\n<meta name=\"twitter:label1\" content=\"Written by\" \/>\n\t<meta name=\"twitter:data1\" content=\"WeAreBlow\" \/>\n\t<meta name=\"twitter:label2\" content=\"Est. reading time\" \/>\n\t<meta name=\"twitter:data2\" content=\"2 minutes\" \/>\n<script type=\"application\/ld+json\" class=\"yoast-schema-graph\">{\"@context\":\"https:\\\/\\\/schema.org\",\"@graph\":[{\"@type\":\"Article\",\"@id\":\"https:\\\/\\\/acoustique-conseil.com\\\/en\\\/atelier-ville-durable-un-collectif-pour-la-ville-de-demain\\\/#article\",\"isPartOf\":{\"@id\":\"https:\\\/\\\/acoustique-conseil.com\\\/en\\\/atelier-ville-durable-un-collectif-pour-la-ville-de-demain\\\/\"},\"author\":{\"name\":\"WeAreBlow\",\"@id\":\"https:\\\/\\\/acoustique-conseil.com\\\/en\\\/#\\\/schema\\\/person\\\/a46440b6454d8f5dc0c443e1471dad5c\"},\"headline\":\"Atelier ville durable : un collectif pour la ville de demain\",\"datePublished\":\"2016-10-04T15:08:21+00:00\",\"dateModified\":\"2025-04-28T12:54:28+00:00\",\"mainEntityOfPage\":{\"@id\":\"https:\\\/\\\/acoustique-conseil.com\\\/en\\\/atelier-ville-durable-un-collectif-pour-la-ville-de-demain\\\/\"},\"wordCount\":535,\"image\":{\"@id\":\"https:\\\/\\\/acoustique-conseil.com\\\/en\\\/atelier-ville-durable-un-collectif-pour-la-ville-de-demain\\\/#primaryimage\"},\"thumbnailUrl\":\"https:\\\/\\\/acoustique-conseil.com\\\/wp-content\\\/uploads\\\/2024\\\/10\\\/avdlarge.png\",\"articleSection\":[\"Actualit\u00e9s\"],\"inLanguage\":\"en-US\"},{\"@type\":\"WebPage\",\"@id\":\"https:\\\/\\\/acoustique-conseil.com\\\/en\\\/atelier-ville-durable-un-collectif-pour-la-ville-de-demain\\\/\",\"url\":\"https:\\\/\\\/acoustique-conseil.com\\\/en\\\/atelier-ville-durable-un-collectif-pour-la-ville-de-demain\\\/\",\"name\":\"Atelier ville durable : un collectif pour la ville de demain - Acoustique &amp; Conseil\",\"isPartOf\":{\"@id\":\"https:\\\/\\\/acoustique-conseil.com\\\/en\\\/#website\"},\"primaryImageOfPage\":{\"@id\":\"https:\\\/\\\/acoustique-conseil.com\\\/en\\\/atelier-ville-durable-un-collectif-pour-la-ville-de-demain\\\/#primaryimage\"},\"image\":{\"@id\":\"https:\\\/\\\/acoustique-conseil.com\\\/en\\\/atelier-ville-durable-un-collectif-pour-la-ville-de-demain\\\/#primaryimage\"},\"thumbnailUrl\":\"https:\\\/\\\/acoustique-conseil.com\\\/wp-content\\\/uploads\\\/2024\\\/10\\\/avdlarge.png\",\"datePublished\":\"2016-10-04T15:08:21+00:00\",\"dateModified\":\"2025-04-28T12:54:28+00:00\",\"author\":{\"@id\":\"https:\\\/\\\/acoustique-conseil.com\\\/en\\\/#\\\/schema\\\/person\\\/a46440b6454d8f5dc0c443e1471dad5c\"},\"description\":\"Atelier Ville Durable (AVD) est un groupement de TPE et PME fran\u00e7aises sp\u00e9cialis\u00e9es dans les questions du d\u00e9veloppement durable, r\u00e9unies pour \u00e9changer, mutualiser et valoriser leurs comp\u00e9tences pour mettre en \u0153uvre concr\u00e8tement la ville durable, intelligente et citoyenne.\",\"breadcrumb\":{\"@id\":\"https:\\\/\\\/acoustique-conseil.com\\\/en\\\/atelier-ville-durable-un-collectif-pour-la-ville-de-demain\\\/#breadcrumb\"},\"inLanguage\":\"en-US\",\"potentialAction\":[{\"@type\":\"ReadAction\",\"target\":[\"https:\\\/\\\/acoustique-conseil.com\\\/en\\\/atelier-ville-durable-un-collectif-pour-la-ville-de-demain\\\/\"]}]},{\"@type\":\"ImageObject\",\"inLanguage\":\"en-US\",\"@id\":\"https:\\\/\\\/acoustique-conseil.com\\\/en\\\/atelier-ville-durable-un-collectif-pour-la-ville-de-demain\\\/#primaryimage\",\"url\":\"https:\\\/\\\/acoustique-conseil.com\\\/wp-content\\\/uploads\\\/2024\\\/10\\\/avdlarge.png\",\"contentUrl\":\"https:\\\/\\\/acoustique-conseil.com\\\/wp-content\\\/uploads\\\/2024\\\/10\\\/avdlarge.png\",\"width\":512,\"height\":512},{\"@type\":\"BreadcrumbList\",\"@id\":\"https:\\\/\\\/acoustique-conseil.com\\\/en\\\/atelier-ville-durable-un-collectif-pour-la-ville-de-demain\\\/#breadcrumb\",\"itemListElement\":[{\"@type\":\"ListItem\",\"position\":1,\"name\":\"Accueil\",\"item\":\"https:\\\/\\\/acoustique-conseil.com\\\/en\\\/\"},{\"@type\":\"ListItem\",\"position\":2,\"name\":\"Actualit\u00e9s\",\"item\":\"https:\\\/\\\/acoustique-conseil.com\\\/en\\\/category\\\/actualites-en\\\/\"},{\"@type\":\"ListItem\",\"position\":3,\"name\":\"Atelier ville durable : un collectif pour la ville de demain\"}]},{\"@type\":\"WebSite\",\"@id\":\"https:\\\/\\\/acoustique-conseil.com\\\/en\\\/#website\",\"url\":\"https:\\\/\\\/acoustique-conseil.com\\\/en\\\/\",\"name\":\"Acoustique &amp; Conseil\",\"description\":\"Bureau d&#039;\u00e9tude en acoustique et vibrations\",\"potentialAction\":[{\"@type\":\"SearchAction\",\"target\":{\"@type\":\"EntryPoint\",\"urlTemplate\":\"https:\\\/\\\/acoustique-conseil.com\\\/en\\\/?s={search_term_string}\"},\"query-input\":{\"@type\":\"PropertyValueSpecification\",\"valueRequired\":true,\"valueName\":\"search_term_string\"}}],\"inLanguage\":\"en-US\"},{\"@type\":\"Person\",\"@id\":\"https:\\\/\\\/acoustique-conseil.com\\\/en\\\/#\\\/schema\\\/person\\\/a46440b6454d8f5dc0c443e1471dad5c\",\"name\":\"WeAreBlow\",\"image\":{\"@type\":\"ImageObject\",\"inLanguage\":\"en-US\",\"@id\":\"https:\\\/\\\/secure.gravatar.com\\\/avatar\\\/4fe45c4c426fb5aa4064d00ab9add0ae2ca6ed3b17aeb23f05d9f8cd81f0f6c8?s=96&d=mm&r=g\",\"url\":\"https:\\\/\\\/secure.gravatar.com\\\/avatar\\\/4fe45c4c426fb5aa4064d00ab9add0ae2ca6ed3b17aeb23f05d9f8cd81f0f6c8?s=96&d=mm&r=g\",\"contentUrl\":\"https:\\\/\\\/secure.gravatar.com\\\/avatar\\\/4fe45c4c426fb5aa4064d00ab9add0ae2ca6ed3b17aeb23f05d9f8cd81f0f6c8?s=96&d=mm&r=g\",\"caption\":\"WeAreBlow\"},\"sameAs\":[\"https:\\\/\\\/acoustique-conseil.com\"]}]}<\/script>\n<!-- \/ Yoast SEO plugin. -->","yoast_head_json":{"title":"Atelier ville durable : un collectif pour la ville de demain - Acoustique &amp; Conseil","description":"Atelier Ville Durable (AVD) est un groupement de TPE et PME fran\u00e7aises sp\u00e9cialis\u00e9es dans les questions du d\u00e9veloppement durable, r\u00e9unies pour \u00e9changer, mutualiser et valoriser leurs comp\u00e9tences pour mettre en \u0153uvre concr\u00e8tement la ville durable, intelligente et citoyenne.","robots":{"index":"index","follow":"follow","max-snippet":"max-snippet:-1","max-image-preview":"max-image-preview:large","max-video-preview":"max-video-preview:-1"},"canonical":"https:\/\/acoustique-conseil.com\/en\/atelier-ville-durable-un-collectif-pour-la-ville-de-demain\/","og_locale":"en_US","og_type":"article","og_title":"Atelier ville durable : un collectif pour la ville de demain - Acoustique &amp; Conseil","og_description":"Atelier Ville Durable (AVD) est un groupement de TPE et PME fran\u00e7aises sp\u00e9cialis\u00e9es dans les questions du d\u00e9veloppement durable, r\u00e9unies pour \u00e9changer, mutualiser et valoriser leurs comp\u00e9tences pour mettre en \u0153uvre concr\u00e8tement la ville durable, intelligente et citoyenne.","og_url":"https:\/\/acoustique-conseil.com\/en\/atelier-ville-durable-un-collectif-pour-la-ville-de-demain\/","og_site_name":"Acoustique &amp; Conseil","article_published_time":"2016-10-04T15:08:21+00:00","article_modified_time":"2025-04-28T12:54:28+00:00","og_image":[{"width":512,"height":512,"url":"https:\/\/acoustique-conseil.com\/wp-content\/uploads\/2024\/10\/avdlarge.png","type":"image\/png"}],"author":"WeAreBlow","twitter_card":"summary_large_image","twitter_misc":{"Written by":"WeAreBlow","Est. reading time":"2 minutes"},"schema":{"@context":"https:\/\/schema.org","@graph":[{"@type":"Article","@id":"https:\/\/acoustique-conseil.com\/en\/atelier-ville-durable-un-collectif-pour-la-ville-de-demain\/#article","isPartOf":{"@id":"https:\/\/acoustique-conseil.com\/en\/atelier-ville-durable-un-collectif-pour-la-ville-de-demain\/"},"author":{"name":"WeAreBlow","@id":"https:\/\/acoustique-conseil.com\/en\/#\/schema\/person\/a46440b6454d8f5dc0c443e1471dad5c"},"headline":"Atelier ville durable : un collectif pour la ville de demain","datePublished":"2016-10-04T15:08:21+00:00","dateModified":"2025-04-28T12:54:28+00:00","mainEntityOfPage":{"@id":"https:\/\/acoustique-conseil.com\/en\/atelier-ville-durable-un-collectif-pour-la-ville-de-demain\/"},"wordCount":535,"image":{"@id":"https:\/\/acoustique-conseil.com\/en\/atelier-ville-durable-un-collectif-pour-la-ville-de-demain\/#primaryimage"},"thumbnailUrl":"https:\/\/acoustique-conseil.com\/wp-content\/uploads\/2024\/10\/avdlarge.png","articleSection":["Actualit\u00e9s"],"inLanguage":"en-US"},{"@type":"WebPage","@id":"https:\/\/acoustique-conseil.com\/en\/atelier-ville-durable-un-collectif-pour-la-ville-de-demain\/","url":"https:\/\/acoustique-conseil.com\/en\/atelier-ville-durable-un-collectif-pour-la-ville-de-demain\/","name":"Atelier ville durable : un collectif pour la ville de demain - Acoustique &amp; Conseil","isPartOf":{"@id":"https:\/\/acoustique-conseil.com\/en\/#website"},"primaryImageOfPage":{"@id":"https:\/\/acoustique-conseil.com\/en\/atelier-ville-durable-un-collectif-pour-la-ville-de-demain\/#primaryimage"},"image":{"@id":"https:\/\/acoustique-conseil.com\/en\/atelier-ville-durable-un-collectif-pour-la-ville-de-demain\/#primaryimage"},"thumbnailUrl":"https:\/\/acoustique-conseil.com\/wp-content\/uploads\/2024\/10\/avdlarge.png","datePublished":"2016-10-04T15:08:21+00:00","dateModified":"2025-04-28T12:54:28+00:00","author":{"@id":"https:\/\/acoustique-conseil.com\/en\/#\/schema\/person\/a46440b6454d8f5dc0c443e1471dad5c"},"description":"Atelier Ville Durable (AVD) est un groupement de TPE et PME fran\u00e7aises sp\u00e9cialis\u00e9es dans les questions du d\u00e9veloppement durable, r\u00e9unies pour \u00e9changer, mutualiser et valoriser leurs comp\u00e9tences pour mettre en \u0153uvre concr\u00e8tement la ville durable, intelligente et citoyenne.","breadcrumb":{"@id":"https:\/\/acoustique-conseil.com\/en\/atelier-ville-durable-un-collectif-pour-la-ville-de-demain\/#breadcrumb"},"inLanguage":"en-US","potentialAction":[{"@type":"ReadAction","target":["https:\/\/acoustique-conseil.com\/en\/atelier-ville-durable-un-collectif-pour-la-ville-de-demain\/"]}]},{"@type":"ImageObject","inLanguage":"en-US","@id":"https:\/\/acoustique-conseil.com\/en\/atelier-ville-durable-un-collectif-pour-la-ville-de-demain\/#primaryimage","url":"https:\/\/acoustique-conseil.com\/wp-content\/uploads\/2024\/10\/avdlarge.png","contentUrl":"https:\/\/acoustique-conseil.com\/wp-content\/uploads\/2024\/10\/avdlarge.png","width":512,"height":512},{"@type":"BreadcrumbList","@id":"https:\/\/acoustique-conseil.com\/en\/atelier-ville-durable-un-collectif-pour-la-ville-de-demain\/#breadcrumb","itemListElement":[{"@type":"ListItem","position":1,"name":"Accueil","item":"https:\/\/acoustique-conseil.com\/en\/"},{"@type":"ListItem","position":2,"name":"Actualit\u00e9s","item":"https:\/\/acoustique-conseil.com\/en\/category\/actualites-en\/"},{"@type":"ListItem","position":3,"name":"Atelier ville durable : un collectif pour la ville de demain"}]},{"@type":"WebSite","@id":"https:\/\/acoustique-conseil.com\/en\/#website","url":"https:\/\/acoustique-conseil.com\/en\/","name":"Acoustique &amp; Conseil","description":"Bureau d&#039;\u00e9tude en acoustique et vibrations","potentialAction":[{"@type":"SearchAction","target":{"@type":"EntryPoint","urlTemplate":"https:\/\/acoustique-conseil.com\/en\/?s={search_term_string}"},"query-input":{"@type":"PropertyValueSpecification","valueRequired":true,"valueName":"search_term_string"}}],"inLanguage":"en-US"},{"@type":"Person","@id":"https:\/\/acoustique-conseil.com\/en\/#\/schema\/person\/a46440b6454d8f5dc0c443e1471dad5c","name":"WeAreBlow","image":{"@type":"ImageObject","inLanguage":"en-US","@id":"https:\/\/secure.gravatar.com\/avatar\/4fe45c4c426fb5aa4064d00ab9add0ae2ca6ed3b17aeb23f05d9f8cd81f0f6c8?s=96&d=mm&r=g","url":"https:\/\/secure.gravatar.com\/avatar\/4fe45c4c426fb5aa4064d00ab9add0ae2ca6ed3b17aeb23f05d9f8cd81f0f6c8?s=96&d=mm&r=g","contentUrl":"https:\/\/secure.gravatar.com\/avatar\/4fe45c4c426fb5aa4064d00ab9add0ae2ca6ed3b17aeb23f05d9f8cd81f0f6c8?s=96&d=mm&r=g","caption":"WeAreBlow"},"sameAs":["https:\/\/acoustique-conseil.com"]}]}},"_links":{"self":[{"href":"https:\/\/acoustique-conseil.com\/en\/wp-json\/wp\/v2\/posts\/6881","targetHints":{"allow":["GET"]}}],"collection":[{"href":"https:\/\/acoustique-conseil.com\/en\/wp-json\/wp\/v2\/posts"}],"about":[{"href":"https:\/\/acoustique-conseil.com\/en\/wp-json\/wp\/v2\/types\/post"}],"author":[{"embeddable":true,"href":"https:\/\/acoustique-conseil.com\/en\/wp-json\/wp\/v2\/users\/2"}],"replies":[{"embeddable":true,"href":"https:\/\/acoustique-conseil.com\/en\/wp-json\/wp\/v2\/comments?post=6881"}],"version-history":[{"count":2,"href":"https:\/\/acoustique-conseil.com\/en\/wp-json\/wp\/v2\/posts\/6881\/revisions"}],"predecessor-version":[{"id":6883,"href":"https:\/\/acoustique-conseil.com\/en\/wp-json\/wp\/v2\/posts\/6881\/revisions\/6883"}],"wp:featuredmedia":[{"embeddable":true,"href":"https:\/\/acoustique-conseil.com\/en\/wp-json\/wp\/v2\/media\/5929"}],"wp:attachment":[{"href":"https:\/\/acoustique-conseil.com\/en\/wp-json\/wp\/v2\/media?parent=6881"}],"wp:term":[{"taxonomy":"category","embeddable":true,"href":"https:\/\/acoustique-conseil.com\/en\/wp-json\/wp\/v2\/categories?post=6881"},{"taxonomy":"post_tag","embeddable":true,"href":"https:\/\/acoustique-conseil.com\/en\/wp-json\/wp\/v2\/tags?post=6881"}],"curies":[{"name":"wp","href":"https:\/\/api.w.org\/{rel}","templated":true}]}}