{"id":6888,"date":"2016-06-14T17:25:42","date_gmt":"2016-06-14T15:25:42","guid":{"rendered":"https:\/\/acoustique-conseil.com\/le-cout-social-du-bruit-en-france-est-de-57-milliards-deuros-par-an\/"},"modified":"2025-04-28T14:57:50","modified_gmt":"2025-04-28T12:57:50","slug":"le-cout-social-du-bruit-en-france-est-de-57-milliards-deuros-par-an","status":"publish","type":"post","link":"https:\/\/acoustique-conseil.com\/en\/le-cout-social-du-bruit-en-france-est-de-57-milliards-deuros-par-an\/","title":{"rendered":"Le co\u00fbt social du bruit en France est de 57 milliards d\u2019euros par an !"},"content":{"rendered":"[vc_row type=&#8221;in_container&#8221; full_screen_row_position=&#8221;middle&#8221; column_margin=&#8221;default&#8221; column_direction=&#8221;default&#8221; column_direction_tablet=&#8221;default&#8221; column_direction_phone=&#8221;default&#8221; scene_position=&#8221;center&#8221; text_color=&#8221;dark&#8221; text_align=&#8221;left&#8221; row_border_radius=&#8221;none&#8221; row_border_radius_applies=&#8221;bg&#8221; overflow=&#8221;visible&#8221; overlay_strength=&#8221;0.3&#8243; gradient_direction=&#8221;left_to_right&#8221; shape_divider_position=&#8221;bottom&#8221; bg_image_animation=&#8221;none&#8221; gradient_type=&#8221;default&#8221; shape_type=&#8221;&#8221;][vc_column column_padding=&#8221;no-extra-padding&#8221; column_padding_tablet=&#8221;inherit&#8221; column_padding_phone=&#8221;inherit&#8221; column_padding_position=&#8221;all&#8221; column_element_direction_desktop=&#8221;default&#8221; column_element_spacing=&#8221;default&#8221; desktop_text_alignment=&#8221;default&#8221; tablet_text_alignment=&#8221;default&#8221; phone_text_alignment=&#8221;default&#8221; background_color_opacity=&#8221;1&#8243; background_hover_color_opacity=&#8221;1&#8243; column_backdrop_filter=&#8221;none&#8221; column_shadow=&#8221;none&#8221; column_border_radius=&#8221;none&#8221; column_link_target=&#8221;_self&#8221; column_position=&#8221;default&#8221; gradient_direction=&#8221;left_to_right&#8221; overlay_strength=&#8221;0.3&#8243; width=&#8221;1\/1&#8243; tablet_width_inherit=&#8221;default&#8221; animation_type=&#8221;default&#8221; bg_image_animation=&#8221;none&#8221; border_type=&#8221;simple&#8221; column_border_width=&#8221;none&#8221; column_border_style=&#8221;solid&#8221;][vc_column_text css=&#8221;&#8221; text_direction=&#8221;default&#8221;]C\u2019est ce qu\u2019affirme une \u00e9tude minist\u00e9rielle qui regroupe pour la premi\u00e8re fois quasiment l\u2019ensemble des aspects concern\u00e9s : bruit des transports usant notre sant\u00e9 \u00e0 domicile, bruit au travail, bruits de voisinage, difficult\u00e9s d\u2019apprentissage\u2026sans tenir compte de l\u2019influence n\u00e9gative sur notre humeur.<\/p>\n<p>C\u2019est une d\u00e9monstration de l\u2019importance du sujet venant conforter les multiples sondages sur l\u2019environnement de vie qui placent toujours le bruit comme l\u2019une des premi\u00e8res pr\u00e9occupations.<br \/>\nHeureusement les solutions pour am\u00e9liorer sensiblement la situation sont souvent peu on\u00e9reuses : elles consistent principalement \u00e0 int\u00e9grer s\u00e9rieusement l\u2019acoustique \u00e0 toutes les \u00e9tapes de tous les projets de modification des espaces, en neuf ou en r\u00e9novation. Le co\u00fbt est alors quasiment uniquement celui de l\u2019acousticien qui sait optimiser les situations. Il est tr\u00e8s faible \u00e0 l\u2019\u00e9chelle des chantiers et encore plus au regard du co\u00fbt social du bruit que nous connaissons d\u00e9sormais.<\/p>\n<p>Pour plus de d\u00e9tails, voir\u00a0<a href=\"http:\/\/www.cout-du-bruit.fr\/\" target=\"_blank\" rel=\"noopener\">http:\/\/www.cout-du-bruit.fr\/<\/a>[\/vc_column_text][\/vc_column][\/vc_row][vc_row type=&#8221;in_container&#8221; full_screen_row_position=&#8221;middle&#8221; column_margin=&#8221;default&#8221; column_direction=&#8221;default&#8221; column_direction_tablet=&#8221;default&#8221; column_direction_phone=&#8221;default&#8221; scene_position=&#8221;center&#8221; text_color=&#8221;dark&#8221; text_align=&#8221;left&#8221; row_border_radius=&#8221;none&#8221; row_border_radius_applies=&#8221;bg&#8221; overflow=&#8221;visible&#8221; overlay_strength=&#8221;0.3&#8243; gradient_direction=&#8221;left_to_right&#8221; shape_divider_position=&#8221;bottom&#8221; bg_image_animation=&#8221;none&#8221;][vc_column column_padding=&#8221;no-extra-padding&#8221; column_padding_tablet=&#8221;inherit&#8221; column_padding_phone=&#8221;inherit&#8221; column_padding_position=&#8221;all&#8221; column_element_direction_desktop=&#8221;default&#8221; column_element_spacing=&#8221;default&#8221; desktop_text_alignment=&#8221;default&#8221; tablet_text_alignment=&#8221;default&#8221; phone_text_alignment=&#8221;default&#8221; background_color_opacity=&#8221;1&#8243; background_hover_color_opacity=&#8221;1&#8243; column_backdrop_filter=&#8221;none&#8221; column_shadow=&#8221;none&#8221; column_border_radius=&#8221;none&#8221; column_link_target=&#8221;_self&#8221; column_position=&#8221;default&#8221; gradient_direction=&#8221;left_to_right&#8221; overlay_strength=&#8221;0.3&#8243; width=&#8221;1\/1&#8243; tablet_width_inherit=&#8221;default&#8221; animation_type=&#8221;default&#8221; bg_image_animation=&#8221;none&#8221; border_type=&#8221;simple&#8221; column_border_width=&#8221;none&#8221; column_border_style=&#8221;solid&#8221;][nectar_global_section id=&#8221;6718&#8243;][\/vc_column][\/vc_row]\n","protected":false},"excerpt":{"rendered":"<p>[vc_row type=&#8221;in_container&#8221; full_screen_row_position=&#8221;middle&#8221; column_margin=&#8221;default&#8221; column_direction=&#8221;default&#8221; column_direction_tablet=&#8221;default&#8221; column_direction_phone=&#8221;default&#8221; scene_position=&#8221;center&#8221; text_color=&#8221;dark&#8221; text_align=&#8221;left&#8221; row_border_radius=&#8221;none&#8221; row_border_radius_applies=&#8221;bg&#8221; overflow=&#8221;visible&#8221; overlay_strength=&#8221;0.3&#8243; gradient_direction=&#8221;left_to_right&#8221; shape_divider_position=&#8221;bottom&#8221; bg_image_animation=&#8221;none&#8221; gradient_type=&#8221;default&#8221; shape_type=&#8221;&#8221;][vc_column column_padding=&#8221;no-extra-padding&#8221; column_padding_tablet=&#8221;inherit&#8221; column_padding_phone=&#8221;inherit&#8221; column_padding_position=&#8221;all&#8221; column_element_direction_desktop=&#8221;default&#8221; column_element_spacing=&#8221;default&#8221; desktop_text_alignment=&#8221;default&#8221; tablet_text_alignment=&#8221;default&#8221; phone_text_alignment=&#8221;default&#8221; background_color_opacity=&#8221;1&#8243; background_hover_color_opacity=&#8221;1&#8243;&#8230;<\/p>\n","protected":false},"author":2,"featured_media":5932,"comment_status":"closed","ping_status":"open","sticky":false,"template":"","format":"standard","meta":{"_acf_changed":false,"footnotes":""},"categories":[246],"tags":[],"class_list":{"0":"post-6888","1":"post","2":"type-post","3":"status-publish","4":"format-standard","5":"has-post-thumbnail","7":"category-actualites-en"},"acf":[],"yoast_head":"<!-- This site is optimized with the Yoast SEO plugin v27.5 - https:\/\/yoast.com\/product\/yoast-seo-wordpress\/ -->\n<title>Le co\u00fbt social du bruit en France est de 57 milliards d\u2019euros par an ! - Acoustique &amp; Conseil<\/title>\n<meta name=\"description\" content=\"C\u2019est ce qu\u2019affirme une \u00e9tude minist\u00e9rielle qui regroupe pour la premi\u00e8re fois quasiment l\u2019ensemble des aspects concern\u00e9s : bruit des transports usant notre sant\u00e9 \u00e0 domicile, bruit au travail, bruits de voisinage, difficult\u00e9s d\u2019apprentissage\u2026sans tenir compte de l\u2019influence n\u00e9gative sur notre humeur.\" \/>\n<meta name=\"robots\" content=\"index, follow, max-snippet:-1, max-image-preview:large, max-video-preview:-1\" \/>\n<link rel=\"canonical\" href=\"https:\/\/acoustique-conseil.com\/en\/le-cout-social-du-bruit-en-france-est-de-57-milliards-deuros-par-an\/\" \/>\n<meta property=\"og:locale\" content=\"en_US\" \/>\n<meta property=\"og:type\" content=\"article\" \/>\n<meta property=\"og:title\" content=\"Le co\u00fbt social du bruit en France est de 57 milliards d\u2019euros par an ! - Acoustique &amp; Conseil\" \/>\n<meta property=\"og:description\" content=\"C\u2019est ce qu\u2019affirme une \u00e9tude minist\u00e9rielle qui regroupe pour la premi\u00e8re fois quasiment l\u2019ensemble des aspects concern\u00e9s : bruit des transports usant notre sant\u00e9 \u00e0 domicile, bruit au travail, bruits de voisinage, difficult\u00e9s d\u2019apprentissage\u2026sans tenir compte de l\u2019influence n\u00e9gative sur notre humeur.\" \/>\n<meta property=\"og:url\" content=\"https:\/\/acoustique-conseil.com\/en\/le-cout-social-du-bruit-en-france-est-de-57-milliards-deuros-par-an\/\" \/>\n<meta property=\"og:site_name\" content=\"Acoustique &amp; Conseil\" \/>\n<meta property=\"article:published_time\" content=\"2016-06-14T15:25:42+00:00\" \/>\n<meta property=\"article:modified_time\" content=\"2025-04-28T12:57:50+00:00\" \/>\n<meta property=\"og:image\" content=\"https:\/\/acoustique-conseil.com\/wp-content\/uploads\/2024\/10\/nv-mogarra3-01g.jpg\" \/>\n\t<meta property=\"og:image:width\" content=\"512\" \/>\n\t<meta property=\"og:image:height\" content=\"512\" \/>\n\t<meta property=\"og:image:type\" content=\"image\/jpeg\" \/>\n<meta name=\"author\" content=\"WeAreBlow\" \/>\n<meta name=\"twitter:card\" content=\"summary_large_image\" \/>\n<meta name=\"twitter:label1\" content=\"Written by\" \/>\n\t<meta name=\"twitter:data1\" content=\"WeAreBlow\" \/>\n\t<meta name=\"twitter:label2\" content=\"Est. reading time\" \/>\n\t<meta name=\"twitter:data2\" content=\"1 minute\" \/>\n<script type=\"application\/ld+json\" class=\"yoast-schema-graph\">{\"@context\":\"https:\\\/\\\/schema.org\",\"@graph\":[{\"@type\":\"Article\",\"@id\":\"https:\\\/\\\/acoustique-conseil.com\\\/en\\\/le-cout-social-du-bruit-en-france-est-de-57-milliards-deuros-par-an\\\/#article\",\"isPartOf\":{\"@id\":\"https:\\\/\\\/acoustique-conseil.com\\\/en\\\/le-cout-social-du-bruit-en-france-est-de-57-milliards-deuros-par-an\\\/\"},\"author\":{\"name\":\"WeAreBlow\",\"@id\":\"https:\\\/\\\/acoustique-conseil.com\\\/en\\\/#\\\/schema\\\/person\\\/a46440b6454d8f5dc0c443e1471dad5c\"},\"headline\":\"Le co\u00fbt social du bruit en France est de 57 milliards d\u2019euros par an !\",\"datePublished\":\"2016-06-14T15:25:42+00:00\",\"dateModified\":\"2025-04-28T12:57:50+00:00\",\"mainEntityOfPage\":{\"@id\":\"https:\\\/\\\/acoustique-conseil.com\\\/en\\\/le-cout-social-du-bruit-en-france-est-de-57-milliards-deuros-par-an\\\/\"},\"wordCount\":521,\"image\":{\"@id\":\"https:\\\/\\\/acoustique-conseil.com\\\/en\\\/le-cout-social-du-bruit-en-france-est-de-57-milliards-deuros-par-an\\\/#primaryimage\"},\"thumbnailUrl\":\"https:\\\/\\\/acoustique-conseil.com\\\/wp-content\\\/uploads\\\/2024\\\/10\\\/nv-mogarra3-01g.jpg\",\"articleSection\":[\"Actualit\u00e9s\"],\"inLanguage\":\"en-US\"},{\"@type\":\"WebPage\",\"@id\":\"https:\\\/\\\/acoustique-conseil.com\\\/en\\\/le-cout-social-du-bruit-en-france-est-de-57-milliards-deuros-par-an\\\/\",\"url\":\"https:\\\/\\\/acoustique-conseil.com\\\/en\\\/le-cout-social-du-bruit-en-france-est-de-57-milliards-deuros-par-an\\\/\",\"name\":\"Le co\u00fbt social du bruit en France est de 57 milliards d\u2019euros par an ! - Acoustique &amp; Conseil\",\"isPartOf\":{\"@id\":\"https:\\\/\\\/acoustique-conseil.com\\\/en\\\/#website\"},\"primaryImageOfPage\":{\"@id\":\"https:\\\/\\\/acoustique-conseil.com\\\/en\\\/le-cout-social-du-bruit-en-france-est-de-57-milliards-deuros-par-an\\\/#primaryimage\"},\"image\":{\"@id\":\"https:\\\/\\\/acoustique-conseil.com\\\/en\\\/le-cout-social-du-bruit-en-france-est-de-57-milliards-deuros-par-an\\\/#primaryimage\"},\"thumbnailUrl\":\"https:\\\/\\\/acoustique-conseil.com\\\/wp-content\\\/uploads\\\/2024\\\/10\\\/nv-mogarra3-01g.jpg\",\"datePublished\":\"2016-06-14T15:25:42+00:00\",\"dateModified\":\"2025-04-28T12:57:50+00:00\",\"author\":{\"@id\":\"https:\\\/\\\/acoustique-conseil.com\\\/en\\\/#\\\/schema\\\/person\\\/a46440b6454d8f5dc0c443e1471dad5c\"},\"description\":\"C\u2019est ce qu\u2019affirme une \u00e9tude minist\u00e9rielle qui regroupe pour la premi\u00e8re fois quasiment l\u2019ensemble des aspects concern\u00e9s : bruit des transports usant notre sant\u00e9 \u00e0 domicile, bruit au travail, bruits de voisinage, difficult\u00e9s d\u2019apprentissage\u2026sans tenir compte de l\u2019influence n\u00e9gative sur notre humeur.\",\"breadcrumb\":{\"@id\":\"https:\\\/\\\/acoustique-conseil.com\\\/en\\\/le-cout-social-du-bruit-en-france-est-de-57-milliards-deuros-par-an\\\/#breadcrumb\"},\"inLanguage\":\"en-US\",\"potentialAction\":[{\"@type\":\"ReadAction\",\"target\":[\"https:\\\/\\\/acoustique-conseil.com\\\/en\\\/le-cout-social-du-bruit-en-france-est-de-57-milliards-deuros-par-an\\\/\"]}]},{\"@type\":\"ImageObject\",\"inLanguage\":\"en-US\",\"@id\":\"https:\\\/\\\/acoustique-conseil.com\\\/en\\\/le-cout-social-du-bruit-en-france-est-de-57-milliards-deuros-par-an\\\/#primaryimage\",\"url\":\"https:\\\/\\\/acoustique-conseil.com\\\/wp-content\\\/uploads\\\/2024\\\/10\\\/nv-mogarra3-01g.jpg\",\"contentUrl\":\"https:\\\/\\\/acoustique-conseil.com\\\/wp-content\\\/uploads\\\/2024\\\/10\\\/nv-mogarra3-01g.jpg\",\"width\":512,\"height\":512},{\"@type\":\"BreadcrumbList\",\"@id\":\"https:\\\/\\\/acoustique-conseil.com\\\/en\\\/le-cout-social-du-bruit-en-france-est-de-57-milliards-deuros-par-an\\\/#breadcrumb\",\"itemListElement\":[{\"@type\":\"ListItem\",\"position\":1,\"name\":\"Accueil\",\"item\":\"https:\\\/\\\/acoustique-conseil.com\\\/en\\\/\"},{\"@type\":\"ListItem\",\"position\":2,\"name\":\"Actualit\u00e9s\",\"item\":\"https:\\\/\\\/acoustique-conseil.com\\\/en\\\/category\\\/actualites-en\\\/\"},{\"@type\":\"ListItem\",\"position\":3,\"name\":\"Le co\u00fbt social du bruit en France est de 57 milliards d\u2019euros par an !\"}]},{\"@type\":\"WebSite\",\"@id\":\"https:\\\/\\\/acoustique-conseil.com\\\/en\\\/#website\",\"url\":\"https:\\\/\\\/acoustique-conseil.com\\\/en\\\/\",\"name\":\"Acoustique &amp; Conseil\",\"description\":\"Bureau d&#039;\u00e9tude en acoustique et vibrations\",\"potentialAction\":[{\"@type\":\"SearchAction\",\"target\":{\"@type\":\"EntryPoint\",\"urlTemplate\":\"https:\\\/\\\/acoustique-conseil.com\\\/en\\\/?s={search_term_string}\"},\"query-input\":{\"@type\":\"PropertyValueSpecification\",\"valueRequired\":true,\"valueName\":\"search_term_string\"}}],\"inLanguage\":\"en-US\"},{\"@type\":\"Person\",\"@id\":\"https:\\\/\\\/acoustique-conseil.com\\\/en\\\/#\\\/schema\\\/person\\\/a46440b6454d8f5dc0c443e1471dad5c\",\"name\":\"WeAreBlow\",\"image\":{\"@type\":\"ImageObject\",\"inLanguage\":\"en-US\",\"@id\":\"https:\\\/\\\/secure.gravatar.com\\\/avatar\\\/4fe45c4c426fb5aa4064d00ab9add0ae2ca6ed3b17aeb23f05d9f8cd81f0f6c8?s=96&d=mm&r=g\",\"url\":\"https:\\\/\\\/secure.gravatar.com\\\/avatar\\\/4fe45c4c426fb5aa4064d00ab9add0ae2ca6ed3b17aeb23f05d9f8cd81f0f6c8?s=96&d=mm&r=g\",\"contentUrl\":\"https:\\\/\\\/secure.gravatar.com\\\/avatar\\\/4fe45c4c426fb5aa4064d00ab9add0ae2ca6ed3b17aeb23f05d9f8cd81f0f6c8?s=96&d=mm&r=g\",\"caption\":\"WeAreBlow\"},\"sameAs\":[\"https:\\\/\\\/acoustique-conseil.com\"]}]}<\/script>\n<!-- \/ Yoast SEO plugin. -->","yoast_head_json":{"title":"Le co\u00fbt social du bruit en France est de 57 milliards d\u2019euros par an ! - Acoustique &amp; Conseil","description":"C\u2019est ce qu\u2019affirme une \u00e9tude minist\u00e9rielle qui regroupe pour la premi\u00e8re fois quasiment l\u2019ensemble des aspects concern\u00e9s : bruit des transports usant notre sant\u00e9 \u00e0 domicile, bruit au travail, bruits de voisinage, difficult\u00e9s d\u2019apprentissage\u2026sans tenir compte de l\u2019influence n\u00e9gative sur notre humeur.","robots":{"index":"index","follow":"follow","max-snippet":"max-snippet:-1","max-image-preview":"max-image-preview:large","max-video-preview":"max-video-preview:-1"},"canonical":"https:\/\/acoustique-conseil.com\/en\/le-cout-social-du-bruit-en-france-est-de-57-milliards-deuros-par-an\/","og_locale":"en_US","og_type":"article","og_title":"Le co\u00fbt social du bruit en France est de 57 milliards d\u2019euros par an ! - Acoustique &amp; Conseil","og_description":"C\u2019est ce qu\u2019affirme une \u00e9tude minist\u00e9rielle qui regroupe pour la premi\u00e8re fois quasiment l\u2019ensemble des aspects concern\u00e9s : bruit des transports usant notre sant\u00e9 \u00e0 domicile, bruit au travail, bruits de voisinage, difficult\u00e9s d\u2019apprentissage\u2026sans tenir compte de l\u2019influence n\u00e9gative sur notre humeur.","og_url":"https:\/\/acoustique-conseil.com\/en\/le-cout-social-du-bruit-en-france-est-de-57-milliards-deuros-par-an\/","og_site_name":"Acoustique &amp; Conseil","article_published_time":"2016-06-14T15:25:42+00:00","article_modified_time":"2025-04-28T12:57:50+00:00","og_image":[{"width":512,"height":512,"url":"https:\/\/acoustique-conseil.com\/wp-content\/uploads\/2024\/10\/nv-mogarra3-01g.jpg","type":"image\/jpeg"}],"author":"WeAreBlow","twitter_card":"summary_large_image","twitter_misc":{"Written by":"WeAreBlow","Est. reading time":"1 minute"},"schema":{"@context":"https:\/\/schema.org","@graph":[{"@type":"Article","@id":"https:\/\/acoustique-conseil.com\/en\/le-cout-social-du-bruit-en-france-est-de-57-milliards-deuros-par-an\/#article","isPartOf":{"@id":"https:\/\/acoustique-conseil.com\/en\/le-cout-social-du-bruit-en-france-est-de-57-milliards-deuros-par-an\/"},"author":{"name":"WeAreBlow","@id":"https:\/\/acoustique-conseil.com\/en\/#\/schema\/person\/a46440b6454d8f5dc0c443e1471dad5c"},"headline":"Le co\u00fbt social du bruit en France est de 57 milliards d\u2019euros par an !","datePublished":"2016-06-14T15:25:42+00:00","dateModified":"2025-04-28T12:57:50+00:00","mainEntityOfPage":{"@id":"https:\/\/acoustique-conseil.com\/en\/le-cout-social-du-bruit-en-france-est-de-57-milliards-deuros-par-an\/"},"wordCount":521,"image":{"@id":"https:\/\/acoustique-conseil.com\/en\/le-cout-social-du-bruit-en-france-est-de-57-milliards-deuros-par-an\/#primaryimage"},"thumbnailUrl":"https:\/\/acoustique-conseil.com\/wp-content\/uploads\/2024\/10\/nv-mogarra3-01g.jpg","articleSection":["Actualit\u00e9s"],"inLanguage":"en-US"},{"@type":"WebPage","@id":"https:\/\/acoustique-conseil.com\/en\/le-cout-social-du-bruit-en-france-est-de-57-milliards-deuros-par-an\/","url":"https:\/\/acoustique-conseil.com\/en\/le-cout-social-du-bruit-en-france-est-de-57-milliards-deuros-par-an\/","name":"Le co\u00fbt social du bruit en France est de 57 milliards d\u2019euros par an ! - Acoustique &amp; Conseil","isPartOf":{"@id":"https:\/\/acoustique-conseil.com\/en\/#website"},"primaryImageOfPage":{"@id":"https:\/\/acoustique-conseil.com\/en\/le-cout-social-du-bruit-en-france-est-de-57-milliards-deuros-par-an\/#primaryimage"},"image":{"@id":"https:\/\/acoustique-conseil.com\/en\/le-cout-social-du-bruit-en-france-est-de-57-milliards-deuros-par-an\/#primaryimage"},"thumbnailUrl":"https:\/\/acoustique-conseil.com\/wp-content\/uploads\/2024\/10\/nv-mogarra3-01g.jpg","datePublished":"2016-06-14T15:25:42+00:00","dateModified":"2025-04-28T12:57:50+00:00","author":{"@id":"https:\/\/acoustique-conseil.com\/en\/#\/schema\/person\/a46440b6454d8f5dc0c443e1471dad5c"},"description":"C\u2019est ce qu\u2019affirme une \u00e9tude minist\u00e9rielle qui regroupe pour la premi\u00e8re fois quasiment l\u2019ensemble des aspects concern\u00e9s : bruit des transports usant notre sant\u00e9 \u00e0 domicile, bruit au travail, bruits de voisinage, difficult\u00e9s d\u2019apprentissage\u2026sans tenir compte de l\u2019influence n\u00e9gative sur notre humeur.","breadcrumb":{"@id":"https:\/\/acoustique-conseil.com\/en\/le-cout-social-du-bruit-en-france-est-de-57-milliards-deuros-par-an\/#breadcrumb"},"inLanguage":"en-US","potentialAction":[{"@type":"ReadAction","target":["https:\/\/acoustique-conseil.com\/en\/le-cout-social-du-bruit-en-france-est-de-57-milliards-deuros-par-an\/"]}]},{"@type":"ImageObject","inLanguage":"en-US","@id":"https:\/\/acoustique-conseil.com\/en\/le-cout-social-du-bruit-en-france-est-de-57-milliards-deuros-par-an\/#primaryimage","url":"https:\/\/acoustique-conseil.com\/wp-content\/uploads\/2024\/10\/nv-mogarra3-01g.jpg","contentUrl":"https:\/\/acoustique-conseil.com\/wp-content\/uploads\/2024\/10\/nv-mogarra3-01g.jpg","width":512,"height":512},{"@type":"BreadcrumbList","@id":"https:\/\/acoustique-conseil.com\/en\/le-cout-social-du-bruit-en-france-est-de-57-milliards-deuros-par-an\/#breadcrumb","itemListElement":[{"@type":"ListItem","position":1,"name":"Accueil","item":"https:\/\/acoustique-conseil.com\/en\/"},{"@type":"ListItem","position":2,"name":"Actualit\u00e9s","item":"https:\/\/acoustique-conseil.com\/en\/category\/actualites-en\/"},{"@type":"ListItem","position":3,"name":"Le co\u00fbt social du bruit en France est de 57 milliards d\u2019euros par an !"}]},{"@type":"WebSite","@id":"https:\/\/acoustique-conseil.com\/en\/#website","url":"https:\/\/acoustique-conseil.com\/en\/","name":"Acoustique &amp; Conseil","description":"Bureau d&#039;\u00e9tude en acoustique et vibrations","potentialAction":[{"@type":"SearchAction","target":{"@type":"EntryPoint","urlTemplate":"https:\/\/acoustique-conseil.com\/en\/?s={search_term_string}"},"query-input":{"@type":"PropertyValueSpecification","valueRequired":true,"valueName":"search_term_string"}}],"inLanguage":"en-US"},{"@type":"Person","@id":"https:\/\/acoustique-conseil.com\/en\/#\/schema\/person\/a46440b6454d8f5dc0c443e1471dad5c","name":"WeAreBlow","image":{"@type":"ImageObject","inLanguage":"en-US","@id":"https:\/\/secure.gravatar.com\/avatar\/4fe45c4c426fb5aa4064d00ab9add0ae2ca6ed3b17aeb23f05d9f8cd81f0f6c8?s=96&d=mm&r=g","url":"https:\/\/secure.gravatar.com\/avatar\/4fe45c4c426fb5aa4064d00ab9add0ae2ca6ed3b17aeb23f05d9f8cd81f0f6c8?s=96&d=mm&r=g","contentUrl":"https:\/\/secure.gravatar.com\/avatar\/4fe45c4c426fb5aa4064d00ab9add0ae2ca6ed3b17aeb23f05d9f8cd81f0f6c8?s=96&d=mm&r=g","caption":"WeAreBlow"},"sameAs":["https:\/\/acoustique-conseil.com"]}]}},"_links":{"self":[{"href":"https:\/\/acoustique-conseil.com\/en\/wp-json\/wp\/v2\/posts\/6888","targetHints":{"allow":["GET"]}}],"collection":[{"href":"https:\/\/acoustique-conseil.com\/en\/wp-json\/wp\/v2\/posts"}],"about":[{"href":"https:\/\/acoustique-conseil.com\/en\/wp-json\/wp\/v2\/types\/post"}],"author":[{"embeddable":true,"href":"https:\/\/acoustique-conseil.com\/en\/wp-json\/wp\/v2\/users\/2"}],"replies":[{"embeddable":true,"href":"https:\/\/acoustique-conseil.com\/en\/wp-json\/wp\/v2\/comments?post=6888"}],"version-history":[{"count":1,"href":"https:\/\/acoustique-conseil.com\/en\/wp-json\/wp\/v2\/posts\/6888\/revisions"}],"predecessor-version":[{"id":6889,"href":"https:\/\/acoustique-conseil.com\/en\/wp-json\/wp\/v2\/posts\/6888\/revisions\/6889"}],"wp:featuredmedia":[{"embeddable":true,"href":"https:\/\/acoustique-conseil.com\/en\/wp-json\/wp\/v2\/media\/5932"}],"wp:attachment":[{"href":"https:\/\/acoustique-conseil.com\/en\/wp-json\/wp\/v2\/media?parent=6888"}],"wp:term":[{"taxonomy":"category","embeddable":true,"href":"https:\/\/acoustique-conseil.com\/en\/wp-json\/wp\/v2\/categories?post=6888"},{"taxonomy":"post_tag","embeddable":true,"href":"https:\/\/acoustique-conseil.com\/en\/wp-json\/wp\/v2\/tags?post=6888"}],"curies":[{"name":"wp","href":"https:\/\/api.w.org\/{rel}","templated":true}]}}