{"id":6935,"date":"2013-12-09T10:04:54","date_gmt":"2013-12-09T09:04:54","guid":{"rendered":"https:\/\/acoustique-conseil.com\/acoustique-conseil-fete-ses-30-ans\/"},"modified":"2025-04-28T15:21:37","modified_gmt":"2025-04-28T13:21:37","slug":"acoustique-conseil-fete-ses-30-ans","status":"publish","type":"post","link":"https:\/\/acoustique-conseil.com\/en\/acoustique-conseil-fete-ses-30-ans\/","title":{"rendered":"Acoustique &#038; Conseil f\u00eate ses 30 ans !"},"content":{"rendered":"[vc_row type=&#8221;in_container&#8221; full_screen_row_position=&#8221;middle&#8221; column_margin=&#8221;default&#8221; column_direction=&#8221;default&#8221; column_direction_tablet=&#8221;default&#8221; column_direction_phone=&#8221;default&#8221; scene_position=&#8221;center&#8221; text_color=&#8221;dark&#8221; text_align=&#8221;left&#8221; row_border_radius=&#8221;none&#8221; row_border_radius_applies=&#8221;bg&#8221; overflow=&#8221;visible&#8221; overlay_strength=&#8221;0.3&#8243; gradient_direction=&#8221;left_to_right&#8221; shape_divider_position=&#8221;bottom&#8221; bg_image_animation=&#8221;none&#8221; gradient_type=&#8221;default&#8221; shape_type=&#8221;&#8221;][vc_column column_padding=&#8221;no-extra-padding&#8221; column_padding_tablet=&#8221;inherit&#8221; column_padding_phone=&#8221;inherit&#8221; column_padding_position=&#8221;all&#8221; column_element_direction_desktop=&#8221;default&#8221; column_element_spacing=&#8221;default&#8221; desktop_text_alignment=&#8221;default&#8221; tablet_text_alignment=&#8221;default&#8221; phone_text_alignment=&#8221;default&#8221; background_color_opacity=&#8221;1&#8243; background_hover_color_opacity=&#8221;1&#8243; column_backdrop_filter=&#8221;none&#8221; column_shadow=&#8221;none&#8221; column_border_radius=&#8221;none&#8221; column_link_target=&#8221;_self&#8221; column_position=&#8221;default&#8221; gradient_direction=&#8221;left_to_right&#8221; overlay_strength=&#8221;0.3&#8243; width=&#8221;1\/1&#8243; tablet_width_inherit=&#8221;default&#8221; animation_type=&#8221;default&#8221; bg_image_animation=&#8221;none&#8221; border_type=&#8221;simple&#8221; column_border_width=&#8221;none&#8221; column_border_style=&#8221;solid&#8221;][vc_column_text css=&#8221;&#8221; text_direction=&#8221;default&#8221;]Fond\u00e9 en 1984 par Andr\u00e9 Cros \u00e0 Rueil Malmaison, Acoustique &amp; Conseil f\u00eate en 2014 ses 30 ans. A l&#8217;\u00e9poque l&#8217;une des premi\u00e8res soci\u00e9t\u00e9s \u00e0 s&#8217;int\u00e9resser au monde de l&#8217;acoustique dans les domaines de l&#8217;architecture, l&#8217;industrie et l&#8217;environnement, la soci\u00e9t\u00e9 s&#8217;est d\u00e9velopp\u00e9e en parall\u00e8le du m\u00e9tier d&#8217;acousticien en plein essor.<\/p>\n<p>Acoustique &amp; Conseil compte actuellement une vingtaine d&#8217;ing\u00e9nieurs, techniciens et commerciaux r\u00e9partis sur nos agences et antennes entre Paris, Aix, Tours et Nice.<\/p>\n<p>Une grande session de brain-storming est en cours afin de d\u00e9cider de la meilleure fa\u00e7on de f\u00eater cet anniversaire en 2014. A suivre ![\/vc_column_text][\/vc_column][\/vc_row][vc_row type=&#8221;in_container&#8221; full_screen_row_position=&#8221;middle&#8221; column_margin=&#8221;default&#8221; column_direction=&#8221;default&#8221; column_direction_tablet=&#8221;default&#8221; column_direction_phone=&#8221;default&#8221; scene_position=&#8221;center&#8221; text_color=&#8221;dark&#8221; text_align=&#8221;left&#8221; row_border_radius=&#8221;none&#8221; row_border_radius_applies=&#8221;bg&#8221; overflow=&#8221;visible&#8221; overlay_strength=&#8221;0.3&#8243; gradient_direction=&#8221;left_to_right&#8221; shape_divider_position=&#8221;bottom&#8221; bg_image_animation=&#8221;none&#8221;][vc_column column_padding=&#8221;no-extra-padding&#8221; column_padding_tablet=&#8221;inherit&#8221; column_padding_phone=&#8221;inherit&#8221; column_padding_position=&#8221;all&#8221; column_element_direction_desktop=&#8221;default&#8221; column_element_spacing=&#8221;default&#8221; desktop_text_alignment=&#8221;default&#8221; tablet_text_alignment=&#8221;default&#8221; phone_text_alignment=&#8221;default&#8221; background_color_opacity=&#8221;1&#8243; background_hover_color_opacity=&#8221;1&#8243; column_backdrop_filter=&#8221;none&#8221; column_shadow=&#8221;none&#8221; column_border_radius=&#8221;none&#8221; column_link_target=&#8221;_self&#8221; column_position=&#8221;default&#8221; gradient_direction=&#8221;left_to_right&#8221; overlay_strength=&#8221;0.3&#8243; width=&#8221;1\/1&#8243; tablet_width_inherit=&#8221;default&#8221; animation_type=&#8221;default&#8221; bg_image_animation=&#8221;none&#8221; border_type=&#8221;simple&#8221; column_border_width=&#8221;none&#8221; column_border_style=&#8221;solid&#8221;][nectar_global_section id=&#8221;6718&#8243;][\/vc_column][\/vc_row]\n","protected":false},"excerpt":{"rendered":"<p>[vc_row type=&#8221;in_container&#8221; full_screen_row_position=&#8221;middle&#8221; column_margin=&#8221;default&#8221; column_direction=&#8221;default&#8221; column_direction_tablet=&#8221;default&#8221; column_direction_phone=&#8221;default&#8221; scene_position=&#8221;center&#8221; text_color=&#8221;dark&#8221; text_align=&#8221;left&#8221; row_border_radius=&#8221;none&#8221; row_border_radius_applies=&#8221;bg&#8221; overflow=&#8221;visible&#8221; overlay_strength=&#8221;0.3&#8243; gradient_direction=&#8221;left_to_right&#8221; shape_divider_position=&#8221;bottom&#8221; bg_image_animation=&#8221;none&#8221; gradient_type=&#8221;default&#8221; shape_type=&#8221;&#8221;][vc_column column_padding=&#8221;no-extra-padding&#8221; column_padding_tablet=&#8221;inherit&#8221; column_padding_phone=&#8221;inherit&#8221; column_padding_position=&#8221;all&#8221; column_element_direction_desktop=&#8221;default&#8221; column_element_spacing=&#8221;default&#8221; desktop_text_alignment=&#8221;default&#8221; tablet_text_alignment=&#8221;default&#8221; phone_text_alignment=&#8221;default&#8221; background_color_opacity=&#8221;1&#8243; background_hover_color_opacity=&#8221;1&#8243;&#8230;<\/p>\n","protected":false},"author":2,"featured_media":5951,"comment_status":"closed","ping_status":"open","sticky":false,"template":"","format":"standard","meta":{"_acf_changed":false,"footnotes":""},"categories":[246],"tags":[],"class_list":{"0":"post-6935","1":"post","2":"type-post","3":"status-publish","4":"format-standard","5":"has-post-thumbnail","7":"category-actualites-en"},"acf":[],"yoast_head":"<!-- This site is optimized with the Yoast SEO plugin v27.5 - https:\/\/yoast.com\/product\/yoast-seo-wordpress\/ -->\n<title>Acoustique &amp; Conseil f\u00eate ses 30 ans ! - Acoustique &amp; Conseil<\/title>\n<meta name=\"description\" content=\"Fond\u00e9 en 1984 par Andr\u00e9 Cros \u00e0 Rueil Malmaison, Acoustique &amp; Conseil f\u00eate en 2014 ses 30 ans. A l&#039;\u00e9poque l&#039;une des premi\u00e8res soci\u00e9t\u00e9s \u00e0 s&#039;int\u00e9resser au monde de l&#039;acoustique dans les domaines de l&#039;architecture, l&#039;industrie et l&#039;environnement, la soci\u00e9t\u00e9 s&#039;est d\u00e9velopp\u00e9e en parall\u00e8le du m\u00e9tier d&#039;acousticien en plein essor.\" \/>\n<meta name=\"robots\" content=\"index, follow, max-snippet:-1, max-image-preview:large, max-video-preview:-1\" \/>\n<link rel=\"canonical\" href=\"https:\/\/acoustique-conseil.com\/en\/acoustique-conseil-fete-ses-30-ans\/\" \/>\n<meta property=\"og:locale\" content=\"en_US\" \/>\n<meta property=\"og:type\" content=\"article\" \/>\n<meta property=\"og:title\" content=\"Acoustique &amp; Conseil f\u00eate ses 30 ans ! - Acoustique &amp; Conseil\" \/>\n<meta property=\"og:description\" content=\"Fond\u00e9 en 1984 par Andr\u00e9 Cros \u00e0 Rueil Malmaison, Acoustique &amp; Conseil f\u00eate en 2014 ses 30 ans. A l&#039;\u00e9poque l&#039;une des premi\u00e8res soci\u00e9t\u00e9s \u00e0 s&#039;int\u00e9resser au monde de l&#039;acoustique dans les domaines de l&#039;architecture, l&#039;industrie et l&#039;environnement, la soci\u00e9t\u00e9 s&#039;est d\u00e9velopp\u00e9e en parall\u00e8le du m\u00e9tier d&#039;acousticien en plein essor.\" \/>\n<meta property=\"og:url\" content=\"https:\/\/acoustique-conseil.com\/en\/acoustique-conseil-fete-ses-30-ans\/\" \/>\n<meta property=\"og:site_name\" content=\"Acoustique &amp; Conseil\" \/>\n<meta property=\"article:published_time\" content=\"2013-12-09T09:04:54+00:00\" \/>\n<meta property=\"article:modified_time\" content=\"2025-04-28T13:21:37+00:00\" \/>\n<meta property=\"og:image\" content=\"https:\/\/acoustique-conseil.com\/wp-content\/uploads\/2024\/10\/test_30_ans_2_1.png\" \/>\n\t<meta property=\"og:image:width\" content=\"512\" \/>\n\t<meta property=\"og:image:height\" content=\"512\" \/>\n\t<meta property=\"og:image:type\" content=\"image\/png\" \/>\n<meta name=\"author\" content=\"WeAreBlow\" \/>\n<meta name=\"twitter:card\" content=\"summary_large_image\" \/>\n<meta name=\"twitter:label1\" content=\"Written by\" \/>\n\t<meta name=\"twitter:data1\" content=\"WeAreBlow\" \/>\n\t<meta name=\"twitter:label2\" content=\"Est. reading time\" \/>\n\t<meta name=\"twitter:data2\" content=\"1 minute\" \/>\n<script type=\"application\/ld+json\" class=\"yoast-schema-graph\">{\"@context\":\"https:\\\/\\\/schema.org\",\"@graph\":[{\"@type\":\"Article\",\"@id\":\"https:\\\/\\\/acoustique-conseil.com\\\/en\\\/acoustique-conseil-fete-ses-30-ans\\\/#article\",\"isPartOf\":{\"@id\":\"https:\\\/\\\/acoustique-conseil.com\\\/en\\\/acoustique-conseil-fete-ses-30-ans\\\/\"},\"author\":{\"name\":\"WeAreBlow\",\"@id\":\"https:\\\/\\\/acoustique-conseil.com\\\/en\\\/#\\\/schema\\\/person\\\/a46440b6454d8f5dc0c443e1471dad5c\"},\"headline\":\"Acoustique &#038; Conseil f\u00eate ses 30 ans !\",\"datePublished\":\"2013-12-09T09:04:54+00:00\",\"dateModified\":\"2025-04-28T13:21:37+00:00\",\"mainEntityOfPage\":{\"@id\":\"https:\\\/\\\/acoustique-conseil.com\\\/en\\\/acoustique-conseil-fete-ses-30-ans\\\/\"},\"wordCount\":452,\"image\":{\"@id\":\"https:\\\/\\\/acoustique-conseil.com\\\/en\\\/acoustique-conseil-fete-ses-30-ans\\\/#primaryimage\"},\"thumbnailUrl\":\"https:\\\/\\\/acoustique-conseil.com\\\/wp-content\\\/uploads\\\/2024\\\/10\\\/test_30_ans_2_1.png\",\"articleSection\":[\"Actualit\u00e9s\"],\"inLanguage\":\"en-US\"},{\"@type\":\"WebPage\",\"@id\":\"https:\\\/\\\/acoustique-conseil.com\\\/en\\\/acoustique-conseil-fete-ses-30-ans\\\/\",\"url\":\"https:\\\/\\\/acoustique-conseil.com\\\/en\\\/acoustique-conseil-fete-ses-30-ans\\\/\",\"name\":\"Acoustique & Conseil f\u00eate ses 30 ans ! - Acoustique &amp; Conseil\",\"isPartOf\":{\"@id\":\"https:\\\/\\\/acoustique-conseil.com\\\/en\\\/#website\"},\"primaryImageOfPage\":{\"@id\":\"https:\\\/\\\/acoustique-conseil.com\\\/en\\\/acoustique-conseil-fete-ses-30-ans\\\/#primaryimage\"},\"image\":{\"@id\":\"https:\\\/\\\/acoustique-conseil.com\\\/en\\\/acoustique-conseil-fete-ses-30-ans\\\/#primaryimage\"},\"thumbnailUrl\":\"https:\\\/\\\/acoustique-conseil.com\\\/wp-content\\\/uploads\\\/2024\\\/10\\\/test_30_ans_2_1.png\",\"datePublished\":\"2013-12-09T09:04:54+00:00\",\"dateModified\":\"2025-04-28T13:21:37+00:00\",\"author\":{\"@id\":\"https:\\\/\\\/acoustique-conseil.com\\\/en\\\/#\\\/schema\\\/person\\\/a46440b6454d8f5dc0c443e1471dad5c\"},\"description\":\"Fond\u00e9 en 1984 par Andr\u00e9 Cros \u00e0 Rueil Malmaison, Acoustique & Conseil f\u00eate en 2014 ses 30 ans. A l'\u00e9poque l'une des premi\u00e8res soci\u00e9t\u00e9s \u00e0 s'int\u00e9resser au monde de l'acoustique dans les domaines de l'architecture, l'industrie et l'environnement, la soci\u00e9t\u00e9 s'est d\u00e9velopp\u00e9e en parall\u00e8le du m\u00e9tier d'acousticien en plein essor.\",\"breadcrumb\":{\"@id\":\"https:\\\/\\\/acoustique-conseil.com\\\/en\\\/acoustique-conseil-fete-ses-30-ans\\\/#breadcrumb\"},\"inLanguage\":\"en-US\",\"potentialAction\":[{\"@type\":\"ReadAction\",\"target\":[\"https:\\\/\\\/acoustique-conseil.com\\\/en\\\/acoustique-conseil-fete-ses-30-ans\\\/\"]}]},{\"@type\":\"ImageObject\",\"inLanguage\":\"en-US\",\"@id\":\"https:\\\/\\\/acoustique-conseil.com\\\/en\\\/acoustique-conseil-fete-ses-30-ans\\\/#primaryimage\",\"url\":\"https:\\\/\\\/acoustique-conseil.com\\\/wp-content\\\/uploads\\\/2024\\\/10\\\/test_30_ans_2_1.png\",\"contentUrl\":\"https:\\\/\\\/acoustique-conseil.com\\\/wp-content\\\/uploads\\\/2024\\\/10\\\/test_30_ans_2_1.png\",\"width\":512,\"height\":512},{\"@type\":\"BreadcrumbList\",\"@id\":\"https:\\\/\\\/acoustique-conseil.com\\\/en\\\/acoustique-conseil-fete-ses-30-ans\\\/#breadcrumb\",\"itemListElement\":[{\"@type\":\"ListItem\",\"position\":1,\"name\":\"Accueil\",\"item\":\"https:\\\/\\\/acoustique-conseil.com\\\/en\\\/\"},{\"@type\":\"ListItem\",\"position\":2,\"name\":\"Actualit\u00e9s\",\"item\":\"https:\\\/\\\/acoustique-conseil.com\\\/en\\\/category\\\/actualites-en\\\/\"},{\"@type\":\"ListItem\",\"position\":3,\"name\":\"Acoustique &#038; Conseil f\u00eate ses 30 ans !\"}]},{\"@type\":\"WebSite\",\"@id\":\"https:\\\/\\\/acoustique-conseil.com\\\/en\\\/#website\",\"url\":\"https:\\\/\\\/acoustique-conseil.com\\\/en\\\/\",\"name\":\"Acoustique &amp; Conseil\",\"description\":\"Bureau d&#039;\u00e9tude en acoustique et vibrations\",\"potentialAction\":[{\"@type\":\"SearchAction\",\"target\":{\"@type\":\"EntryPoint\",\"urlTemplate\":\"https:\\\/\\\/acoustique-conseil.com\\\/en\\\/?s={search_term_string}\"},\"query-input\":{\"@type\":\"PropertyValueSpecification\",\"valueRequired\":true,\"valueName\":\"search_term_string\"}}],\"inLanguage\":\"en-US\"},{\"@type\":\"Person\",\"@id\":\"https:\\\/\\\/acoustique-conseil.com\\\/en\\\/#\\\/schema\\\/person\\\/a46440b6454d8f5dc0c443e1471dad5c\",\"name\":\"WeAreBlow\",\"image\":{\"@type\":\"ImageObject\",\"inLanguage\":\"en-US\",\"@id\":\"https:\\\/\\\/secure.gravatar.com\\\/avatar\\\/4fe45c4c426fb5aa4064d00ab9add0ae2ca6ed3b17aeb23f05d9f8cd81f0f6c8?s=96&d=mm&r=g\",\"url\":\"https:\\\/\\\/secure.gravatar.com\\\/avatar\\\/4fe45c4c426fb5aa4064d00ab9add0ae2ca6ed3b17aeb23f05d9f8cd81f0f6c8?s=96&d=mm&r=g\",\"contentUrl\":\"https:\\\/\\\/secure.gravatar.com\\\/avatar\\\/4fe45c4c426fb5aa4064d00ab9add0ae2ca6ed3b17aeb23f05d9f8cd81f0f6c8?s=96&d=mm&r=g\",\"caption\":\"WeAreBlow\"},\"sameAs\":[\"https:\\\/\\\/acoustique-conseil.com\"]}]}<\/script>\n<!-- \/ Yoast SEO plugin. -->","yoast_head_json":{"title":"Acoustique & Conseil f\u00eate ses 30 ans ! - Acoustique &amp; Conseil","description":"Fond\u00e9 en 1984 par Andr\u00e9 Cros \u00e0 Rueil Malmaison, Acoustique & Conseil f\u00eate en 2014 ses 30 ans. A l'\u00e9poque l'une des premi\u00e8res soci\u00e9t\u00e9s \u00e0 s'int\u00e9resser au monde de l'acoustique dans les domaines de l'architecture, l'industrie et l'environnement, la soci\u00e9t\u00e9 s'est d\u00e9velopp\u00e9e en parall\u00e8le du m\u00e9tier d'acousticien en plein essor.","robots":{"index":"index","follow":"follow","max-snippet":"max-snippet:-1","max-image-preview":"max-image-preview:large","max-video-preview":"max-video-preview:-1"},"canonical":"https:\/\/acoustique-conseil.com\/en\/acoustique-conseil-fete-ses-30-ans\/","og_locale":"en_US","og_type":"article","og_title":"Acoustique & Conseil f\u00eate ses 30 ans ! - Acoustique &amp; Conseil","og_description":"Fond\u00e9 en 1984 par Andr\u00e9 Cros \u00e0 Rueil Malmaison, Acoustique & Conseil f\u00eate en 2014 ses 30 ans. A l'\u00e9poque l'une des premi\u00e8res soci\u00e9t\u00e9s \u00e0 s'int\u00e9resser au monde de l'acoustique dans les domaines de l'architecture, l'industrie et l'environnement, la soci\u00e9t\u00e9 s'est d\u00e9velopp\u00e9e en parall\u00e8le du m\u00e9tier d'acousticien en plein essor.","og_url":"https:\/\/acoustique-conseil.com\/en\/acoustique-conseil-fete-ses-30-ans\/","og_site_name":"Acoustique &amp; Conseil","article_published_time":"2013-12-09T09:04:54+00:00","article_modified_time":"2025-04-28T13:21:37+00:00","og_image":[{"width":512,"height":512,"url":"https:\/\/acoustique-conseil.com\/wp-content\/uploads\/2024\/10\/test_30_ans_2_1.png","type":"image\/png"}],"author":"WeAreBlow","twitter_card":"summary_large_image","twitter_misc":{"Written by":"WeAreBlow","Est. reading time":"1 minute"},"schema":{"@context":"https:\/\/schema.org","@graph":[{"@type":"Article","@id":"https:\/\/acoustique-conseil.com\/en\/acoustique-conseil-fete-ses-30-ans\/#article","isPartOf":{"@id":"https:\/\/acoustique-conseil.com\/en\/acoustique-conseil-fete-ses-30-ans\/"},"author":{"name":"WeAreBlow","@id":"https:\/\/acoustique-conseil.com\/en\/#\/schema\/person\/a46440b6454d8f5dc0c443e1471dad5c"},"headline":"Acoustique &#038; Conseil f\u00eate ses 30 ans !","datePublished":"2013-12-09T09:04:54+00:00","dateModified":"2025-04-28T13:21:37+00:00","mainEntityOfPage":{"@id":"https:\/\/acoustique-conseil.com\/en\/acoustique-conseil-fete-ses-30-ans\/"},"wordCount":452,"image":{"@id":"https:\/\/acoustique-conseil.com\/en\/acoustique-conseil-fete-ses-30-ans\/#primaryimage"},"thumbnailUrl":"https:\/\/acoustique-conseil.com\/wp-content\/uploads\/2024\/10\/test_30_ans_2_1.png","articleSection":["Actualit\u00e9s"],"inLanguage":"en-US"},{"@type":"WebPage","@id":"https:\/\/acoustique-conseil.com\/en\/acoustique-conseil-fete-ses-30-ans\/","url":"https:\/\/acoustique-conseil.com\/en\/acoustique-conseil-fete-ses-30-ans\/","name":"Acoustique & Conseil f\u00eate ses 30 ans ! - Acoustique &amp; Conseil","isPartOf":{"@id":"https:\/\/acoustique-conseil.com\/en\/#website"},"primaryImageOfPage":{"@id":"https:\/\/acoustique-conseil.com\/en\/acoustique-conseil-fete-ses-30-ans\/#primaryimage"},"image":{"@id":"https:\/\/acoustique-conseil.com\/en\/acoustique-conseil-fete-ses-30-ans\/#primaryimage"},"thumbnailUrl":"https:\/\/acoustique-conseil.com\/wp-content\/uploads\/2024\/10\/test_30_ans_2_1.png","datePublished":"2013-12-09T09:04:54+00:00","dateModified":"2025-04-28T13:21:37+00:00","author":{"@id":"https:\/\/acoustique-conseil.com\/en\/#\/schema\/person\/a46440b6454d8f5dc0c443e1471dad5c"},"description":"Fond\u00e9 en 1984 par Andr\u00e9 Cros \u00e0 Rueil Malmaison, Acoustique & Conseil f\u00eate en 2014 ses 30 ans. A l'\u00e9poque l'une des premi\u00e8res soci\u00e9t\u00e9s \u00e0 s'int\u00e9resser au monde de l'acoustique dans les domaines de l'architecture, l'industrie et l'environnement, la soci\u00e9t\u00e9 s'est d\u00e9velopp\u00e9e en parall\u00e8le du m\u00e9tier d'acousticien en plein essor.","breadcrumb":{"@id":"https:\/\/acoustique-conseil.com\/en\/acoustique-conseil-fete-ses-30-ans\/#breadcrumb"},"inLanguage":"en-US","potentialAction":[{"@type":"ReadAction","target":["https:\/\/acoustique-conseil.com\/en\/acoustique-conseil-fete-ses-30-ans\/"]}]},{"@type":"ImageObject","inLanguage":"en-US","@id":"https:\/\/acoustique-conseil.com\/en\/acoustique-conseil-fete-ses-30-ans\/#primaryimage","url":"https:\/\/acoustique-conseil.com\/wp-content\/uploads\/2024\/10\/test_30_ans_2_1.png","contentUrl":"https:\/\/acoustique-conseil.com\/wp-content\/uploads\/2024\/10\/test_30_ans_2_1.png","width":512,"height":512},{"@type":"BreadcrumbList","@id":"https:\/\/acoustique-conseil.com\/en\/acoustique-conseil-fete-ses-30-ans\/#breadcrumb","itemListElement":[{"@type":"ListItem","position":1,"name":"Accueil","item":"https:\/\/acoustique-conseil.com\/en\/"},{"@type":"ListItem","position":2,"name":"Actualit\u00e9s","item":"https:\/\/acoustique-conseil.com\/en\/category\/actualites-en\/"},{"@type":"ListItem","position":3,"name":"Acoustique &#038; Conseil f\u00eate ses 30 ans !"}]},{"@type":"WebSite","@id":"https:\/\/acoustique-conseil.com\/en\/#website","url":"https:\/\/acoustique-conseil.com\/en\/","name":"Acoustique &amp; Conseil","description":"Bureau d&#039;\u00e9tude en acoustique et vibrations","potentialAction":[{"@type":"SearchAction","target":{"@type":"EntryPoint","urlTemplate":"https:\/\/acoustique-conseil.com\/en\/?s={search_term_string}"},"query-input":{"@type":"PropertyValueSpecification","valueRequired":true,"valueName":"search_term_string"}}],"inLanguage":"en-US"},{"@type":"Person","@id":"https:\/\/acoustique-conseil.com\/en\/#\/schema\/person\/a46440b6454d8f5dc0c443e1471dad5c","name":"WeAreBlow","image":{"@type":"ImageObject","inLanguage":"en-US","@id":"https:\/\/secure.gravatar.com\/avatar\/4fe45c4c426fb5aa4064d00ab9add0ae2ca6ed3b17aeb23f05d9f8cd81f0f6c8?s=96&d=mm&r=g","url":"https:\/\/secure.gravatar.com\/avatar\/4fe45c4c426fb5aa4064d00ab9add0ae2ca6ed3b17aeb23f05d9f8cd81f0f6c8?s=96&d=mm&r=g","contentUrl":"https:\/\/secure.gravatar.com\/avatar\/4fe45c4c426fb5aa4064d00ab9add0ae2ca6ed3b17aeb23f05d9f8cd81f0f6c8?s=96&d=mm&r=g","caption":"WeAreBlow"},"sameAs":["https:\/\/acoustique-conseil.com"]}]}},"_links":{"self":[{"href":"https:\/\/acoustique-conseil.com\/en\/wp-json\/wp\/v2\/posts\/6935","targetHints":{"allow":["GET"]}}],"collection":[{"href":"https:\/\/acoustique-conseil.com\/en\/wp-json\/wp\/v2\/posts"}],"about":[{"href":"https:\/\/acoustique-conseil.com\/en\/wp-json\/wp\/v2\/types\/post"}],"author":[{"embeddable":true,"href":"https:\/\/acoustique-conseil.com\/en\/wp-json\/wp\/v2\/users\/2"}],"replies":[{"embeddable":true,"href":"https:\/\/acoustique-conseil.com\/en\/wp-json\/wp\/v2\/comments?post=6935"}],"version-history":[{"count":2,"href":"https:\/\/acoustique-conseil.com\/en\/wp-json\/wp\/v2\/posts\/6935\/revisions"}],"predecessor-version":[{"id":6937,"href":"https:\/\/acoustique-conseil.com\/en\/wp-json\/wp\/v2\/posts\/6935\/revisions\/6937"}],"wp:featuredmedia":[{"embeddable":true,"href":"https:\/\/acoustique-conseil.com\/en\/wp-json\/wp\/v2\/media\/5951"}],"wp:attachment":[{"href":"https:\/\/acoustique-conseil.com\/en\/wp-json\/wp\/v2\/media?parent=6935"}],"wp:term":[{"taxonomy":"category","embeddable":true,"href":"https:\/\/acoustique-conseil.com\/en\/wp-json\/wp\/v2\/categories?post=6935"},{"taxonomy":"post_tag","embeddable":true,"href":"https:\/\/acoustique-conseil.com\/en\/wp-json\/wp\/v2\/tags?post=6935"}],"curies":[{"name":"wp","href":"https:\/\/api.w.org\/{rel}","templated":true}]}}