{"id":6940,"date":"2013-11-20T10:09:27","date_gmt":"2013-11-20T09:09:27","guid":{"rendered":"https:\/\/acoustique-conseil.com\/trois-nouveaux-arrivants-rejoignent-lequipe\/"},"modified":"2025-04-28T15:23:31","modified_gmt":"2025-04-28T13:23:31","slug":"trois-nouveaux-arrivants-rejoignent-lequipe","status":"publish","type":"post","link":"https:\/\/acoustique-conseil.com\/en\/trois-nouveaux-arrivants-rejoignent-lequipe\/","title":{"rendered":"Trois nouveaux arrivants rejoignent l&#8217;\u00e9quipe"},"content":{"rendered":"[vc_row type=&#8221;in_container&#8221; full_screen_row_position=&#8221;middle&#8221; column_margin=&#8221;80px&#8221; column_direction=&#8221;default&#8221; column_direction_tablet=&#8221;default&#8221; column_direction_phone=&#8221;default&#8221; scene_position=&#8221;center&#8221; text_color=&#8221;dark&#8221; text_align=&#8221;left&#8221; row_border_radius=&#8221;none&#8221; row_border_radius_applies=&#8221;bg&#8221; overflow=&#8221;visible&#8221; overlay_strength=&#8221;0.3&#8243; gradient_direction=&#8221;left_to_right&#8221; shape_divider_position=&#8221;bottom&#8221; bg_image_animation=&#8221;none&#8221; gradient_type=&#8221;default&#8221; shape_type=&#8221;&#8221;][vc_column column_padding=&#8221;no-extra-padding&#8221; column_padding_tablet=&#8221;inherit&#8221; column_padding_phone=&#8221;inherit&#8221; column_padding_position=&#8221;all&#8221; column_element_direction_desktop=&#8221;default&#8221; column_element_spacing=&#8221;default&#8221; desktop_text_alignment=&#8221;default&#8221; tablet_text_alignment=&#8221;default&#8221; phone_text_alignment=&#8221;default&#8221; background_color_opacity=&#8221;1&#8243; background_hover_color_opacity=&#8221;1&#8243; column_backdrop_filter=&#8221;none&#8221; column_shadow=&#8221;none&#8221; column_border_radius=&#8221;none&#8221; column_link_target=&#8221;_self&#8221; column_position=&#8221;default&#8221; gradient_direction=&#8221;left_to_right&#8221; overlay_strength=&#8221;0.3&#8243; width=&#8221;1\/3&#8243; tablet_width_inherit=&#8221;default&#8221; animation_type=&#8221;default&#8221; bg_image_animation=&#8221;none&#8221; border_type=&#8221;simple&#8221; column_border_width=&#8221;none&#8221; column_border_style=&#8221;solid&#8221;][image_with_animation image_url=&#8221;4108&#8243; image_size=&#8221;full&#8221; animation_type=&#8221;entrance&#8221; animation=&#8221;None&#8221; animation_movement_type=&#8221;transform_y&#8221; hover_animation=&#8221;none&#8221; alignment=&#8221;&#8221; border_radius=&#8221;none&#8221; box_shadow=&#8221;none&#8221; image_loading=&#8221;default&#8221; max_width=&#8221;100%&#8221; max_width_mobile=&#8221;default&#8221;][\/vc_column][vc_column column_padding=&#8221;no-extra-padding&#8221; column_padding_tablet=&#8221;inherit&#8221; column_padding_phone=&#8221;inherit&#8221; column_padding_position=&#8221;all&#8221; column_element_direction_desktop=&#8221;default&#8221; column_element_spacing=&#8221;default&#8221; desktop_text_alignment=&#8221;default&#8221; tablet_text_alignment=&#8221;default&#8221; phone_text_alignment=&#8221;default&#8221; background_color_opacity=&#8221;1&#8243; background_hover_color_opacity=&#8221;1&#8243; column_backdrop_filter=&#8221;none&#8221; column_shadow=&#8221;none&#8221; column_border_radius=&#8221;none&#8221; column_link_target=&#8221;_self&#8221; column_position=&#8221;default&#8221; gradient_direction=&#8221;left_to_right&#8221; overlay_strength=&#8221;0.3&#8243; width=&#8221;2\/3&#8243; tablet_width_inherit=&#8221;default&#8221; animation_type=&#8221;default&#8221; bg_image_animation=&#8221;none&#8221; border_type=&#8221;simple&#8221; column_border_width=&#8221;none&#8221; column_border_style=&#8221;solid&#8221;][vc_column_text css=&#8221;&#8221; text_direction=&#8221;default&#8221;]Depuis Septembre 2013, nous avons le plaisir d&#8217;accueillir trois nouveaux arrivants qui viennent renforcer notre \u00e9quipe.<\/p>\n<p>Avec une formation d&#8217;ing\u00e9nieur du Son consolid\u00e9e par des cours du soir au CNAM pour obtenir le dipl\u00f4me d&#8217;Ing\u00e9nieur sp\u00e9cialis\u00e9 en Acoustique, Charlie S\u00e9n\u00e9caut a rejoint l&#8217;agence Paris-Est et apporte notamment ses comp\u00e9tences en Electro-Acoustique.<\/p>\n<p>En m\u00eame temps, R\u00e9mi Jeandesboz a rejoint l&#8217;agence Paris-Ouest. Avec un master en Acoustique de l&#8217;Universit\u00e9 du Maine, il se sp\u00e9cialise notamment en Acoustique Environnementale.<\/p>\n<p>Enfin, l&#8217;\u00e9quipe du Sud s&#8217;\u00e9toffe avec l&#8217;arriv\u00e9e de Julien Leroy qui pilotera tr\u00e8s prochainement la nouvelle antenne de Nice. Julien poss\u00e8de une formation de mesures Acoustiques et Vibratoires de niveau Licence et termine \u00e9galement un cursus d\u2019ing\u00e9nieur acousticien au CNAM de Paris.[\/vc_column_text][\/vc_column][\/vc_row][vc_row type=&#8221;in_container&#8221; full_screen_row_position=&#8221;middle&#8221; column_margin=&#8221;default&#8221; column_direction=&#8221;default&#8221; column_direction_tablet=&#8221;default&#8221; column_direction_phone=&#8221;default&#8221; scene_position=&#8221;center&#8221; text_color=&#8221;dark&#8221; text_align=&#8221;left&#8221; row_border_radius=&#8221;none&#8221; row_border_radius_applies=&#8221;bg&#8221; overflow=&#8221;visible&#8221; overlay_strength=&#8221;0.3&#8243; gradient_direction=&#8221;left_to_right&#8221; shape_divider_position=&#8221;bottom&#8221; bg_image_animation=&#8221;none&#8221;][vc_column column_padding=&#8221;no-extra-padding&#8221; column_padding_tablet=&#8221;inherit&#8221; column_padding_phone=&#8221;inherit&#8221; column_padding_position=&#8221;all&#8221; column_element_direction_desktop=&#8221;default&#8221; column_element_spacing=&#8221;default&#8221; desktop_text_alignment=&#8221;default&#8221; tablet_text_alignment=&#8221;default&#8221; phone_text_alignment=&#8221;default&#8221; background_color_opacity=&#8221;1&#8243; background_hover_color_opacity=&#8221;1&#8243; column_backdrop_filter=&#8221;none&#8221; column_shadow=&#8221;none&#8221; column_border_radius=&#8221;none&#8221; column_link_target=&#8221;_self&#8221; column_position=&#8221;default&#8221; gradient_direction=&#8221;left_to_right&#8221; overlay_strength=&#8221;0.3&#8243; width=&#8221;1\/1&#8243; tablet_width_inherit=&#8221;default&#8221; animation_type=&#8221;default&#8221; bg_image_animation=&#8221;none&#8221; border_type=&#8221;simple&#8221; column_border_width=&#8221;none&#8221; column_border_style=&#8221;solid&#8221;][nectar_global_section id=&#8221;6718&#8243;][\/vc_column][\/vc_row]\n","protected":false},"excerpt":{"rendered":"<p>[vc_row type=&#8221;in_container&#8221; full_screen_row_position=&#8221;middle&#8221; column_margin=&#8221;80px&#8221; column_direction=&#8221;default&#8221; column_direction_tablet=&#8221;default&#8221; column_direction_phone=&#8221;default&#8221; scene_position=&#8221;center&#8221; text_color=&#8221;dark&#8221; text_align=&#8221;left&#8221; row_border_radius=&#8221;none&#8221; row_border_radius_applies=&#8221;bg&#8221; overflow=&#8221;visible&#8221; overlay_strength=&#8221;0.3&#8243; gradient_direction=&#8221;left_to_right&#8221; shape_divider_position=&#8221;bottom&#8221; bg_image_animation=&#8221;none&#8221; gradient_type=&#8221;default&#8221; shape_type=&#8221;&#8221;][vc_column column_padding=&#8221;no-extra-padding&#8221; column_padding_tablet=&#8221;inherit&#8221; column_padding_phone=&#8221;inherit&#8221; column_padding_position=&#8221;all&#8221; column_element_direction_desktop=&#8221;default&#8221; column_element_spacing=&#8221;default&#8221; desktop_text_alignment=&#8221;default&#8221; tablet_text_alignment=&#8221;default&#8221; phone_text_alignment=&#8221;default&#8221; background_color_opacity=&#8221;1&#8243; background_hover_color_opacity=&#8221;1&#8243;&#8230;<\/p>\n","protected":false},"author":2,"featured_media":5742,"comment_status":"closed","ping_status":"open","sticky":false,"template":"","format":"standard","meta":{"_acf_changed":false,"footnotes":""},"categories":[246],"tags":[],"class_list":{"0":"post-6940","1":"post","2":"type-post","3":"status-publish","4":"format-standard","5":"has-post-thumbnail","7":"category-actualites-en"},"acf":[],"yoast_head":"<!-- This site is optimized with the Yoast SEO plugin v27.5 - https:\/\/yoast.com\/product\/yoast-seo-wordpress\/ -->\n<title>Trois nouveaux arrivants rejoignent l&#039;\u00e9quipe - Acoustique &amp; Conseil<\/title>\n<meta name=\"description\" content=\"Depuis Septembre 2013, nous avons le plaisir d&#039;accueillir trois nouveaux arrivants qui viennent renforcer notre \u00e9quipe.Avec une formation d&#039;ing\u00e9nieur du Son consolid\u00e9e par des cours du soir au CNAM pour obtenir le dipl\u00f4me d&#039;Ing\u00e9nieur sp\u00e9cialis\u00e9 en Acoustique, Charlie S\u00e9n\u00e9caut a rejoint l&#039;agence Paris-Est et apporte notamment ses comp\u00e9tences en Electro-Acoustique.\" \/>\n<meta name=\"robots\" content=\"index, follow, max-snippet:-1, max-image-preview:large, max-video-preview:-1\" \/>\n<link rel=\"canonical\" href=\"https:\/\/acoustique-conseil.com\/en\/trois-nouveaux-arrivants-rejoignent-lequipe\/\" \/>\n<meta property=\"og:locale\" content=\"en_US\" \/>\n<meta property=\"og:type\" content=\"article\" \/>\n<meta property=\"og:title\" content=\"Trois nouveaux arrivants rejoignent l&#039;\u00e9quipe - Acoustique &amp; Conseil\" \/>\n<meta property=\"og:description\" content=\"Depuis Septembre 2013, nous avons le plaisir d&#039;accueillir trois nouveaux arrivants qui viennent renforcer notre \u00e9quipe.Avec une formation d&#039;ing\u00e9nieur du Son consolid\u00e9e par des cours du soir au CNAM pour obtenir le dipl\u00f4me d&#039;Ing\u00e9nieur sp\u00e9cialis\u00e9 en Acoustique, Charlie S\u00e9n\u00e9caut a rejoint l&#039;agence Paris-Est et apporte notamment ses comp\u00e9tences en Electro-Acoustique.\" \/>\n<meta property=\"og:url\" content=\"https:\/\/acoustique-conseil.com\/en\/trois-nouveaux-arrivants-rejoignent-lequipe\/\" \/>\n<meta property=\"og:site_name\" content=\"Acoustique &amp; Conseil\" \/>\n<meta property=\"article:published_time\" content=\"2013-11-20T09:09:27+00:00\" \/>\n<meta property=\"article:modified_time\" content=\"2025-04-28T13:23:31+00:00\" \/>\n<meta property=\"og:image\" content=\"https:\/\/acoustique-conseil.com\/wp-content\/uploads\/2024\/08\/42.jpg\" \/>\n\t<meta property=\"og:image:width\" content=\"1500\" \/>\n\t<meta property=\"og:image:height\" content=\"900\" \/>\n\t<meta property=\"og:image:type\" content=\"image\/jpeg\" \/>\n<meta name=\"author\" content=\"WeAreBlow\" \/>\n<meta name=\"twitter:card\" content=\"summary_large_image\" \/>\n<meta name=\"twitter:label1\" content=\"Written by\" \/>\n\t<meta name=\"twitter:data1\" content=\"WeAreBlow\" \/>\n\t<meta name=\"twitter:label2\" content=\"Est. reading time\" \/>\n\t<meta name=\"twitter:data2\" content=\"2 minutes\" \/>\n<script type=\"application\/ld+json\" class=\"yoast-schema-graph\">{\"@context\":\"https:\\\/\\\/schema.org\",\"@graph\":[{\"@type\":\"Article\",\"@id\":\"https:\\\/\\\/acoustique-conseil.com\\\/en\\\/trois-nouveaux-arrivants-rejoignent-lequipe\\\/#article\",\"isPartOf\":{\"@id\":\"https:\\\/\\\/acoustique-conseil.com\\\/en\\\/trois-nouveaux-arrivants-rejoignent-lequipe\\\/\"},\"author\":{\"name\":\"WeAreBlow\",\"@id\":\"https:\\\/\\\/acoustique-conseil.com\\\/en\\\/#\\\/schema\\\/person\\\/a46440b6454d8f5dc0c443e1471dad5c\"},\"headline\":\"Trois nouveaux arrivants rejoignent l&#8217;\u00e9quipe\",\"datePublished\":\"2013-11-20T09:09:27+00:00\",\"dateModified\":\"2025-04-28T13:23:31+00:00\",\"mainEntityOfPage\":{\"@id\":\"https:\\\/\\\/acoustique-conseil.com\\\/en\\\/trois-nouveaux-arrivants-rejoignent-lequipe\\\/\"},\"wordCount\":611,\"image\":{\"@id\":\"https:\\\/\\\/acoustique-conseil.com\\\/en\\\/trois-nouveaux-arrivants-rejoignent-lequipe\\\/#primaryimage\"},\"thumbnailUrl\":\"https:\\\/\\\/acoustique-conseil.com\\\/wp-content\\\/uploads\\\/2024\\\/08\\\/42.jpg\",\"articleSection\":[\"Actualit\u00e9s\"],\"inLanguage\":\"en-US\"},{\"@type\":\"WebPage\",\"@id\":\"https:\\\/\\\/acoustique-conseil.com\\\/en\\\/trois-nouveaux-arrivants-rejoignent-lequipe\\\/\",\"url\":\"https:\\\/\\\/acoustique-conseil.com\\\/en\\\/trois-nouveaux-arrivants-rejoignent-lequipe\\\/\",\"name\":\"Trois nouveaux arrivants rejoignent l'\u00e9quipe - Acoustique &amp; Conseil\",\"isPartOf\":{\"@id\":\"https:\\\/\\\/acoustique-conseil.com\\\/en\\\/#website\"},\"primaryImageOfPage\":{\"@id\":\"https:\\\/\\\/acoustique-conseil.com\\\/en\\\/trois-nouveaux-arrivants-rejoignent-lequipe\\\/#primaryimage\"},\"image\":{\"@id\":\"https:\\\/\\\/acoustique-conseil.com\\\/en\\\/trois-nouveaux-arrivants-rejoignent-lequipe\\\/#primaryimage\"},\"thumbnailUrl\":\"https:\\\/\\\/acoustique-conseil.com\\\/wp-content\\\/uploads\\\/2024\\\/08\\\/42.jpg\",\"datePublished\":\"2013-11-20T09:09:27+00:00\",\"dateModified\":\"2025-04-28T13:23:31+00:00\",\"author\":{\"@id\":\"https:\\\/\\\/acoustique-conseil.com\\\/en\\\/#\\\/schema\\\/person\\\/a46440b6454d8f5dc0c443e1471dad5c\"},\"description\":\"Depuis Septembre 2013, nous avons le plaisir d'accueillir trois nouveaux arrivants qui viennent renforcer notre \u00e9quipe.Avec une formation d'ing\u00e9nieur du Son consolid\u00e9e par des cours du soir au CNAM pour obtenir le dipl\u00f4me d'Ing\u00e9nieur sp\u00e9cialis\u00e9 en Acoustique, Charlie S\u00e9n\u00e9caut a rejoint l'agence Paris-Est et apporte notamment ses comp\u00e9tences en Electro-Acoustique.\",\"breadcrumb\":{\"@id\":\"https:\\\/\\\/acoustique-conseil.com\\\/en\\\/trois-nouveaux-arrivants-rejoignent-lequipe\\\/#breadcrumb\"},\"inLanguage\":\"en-US\",\"potentialAction\":[{\"@type\":\"ReadAction\",\"target\":[\"https:\\\/\\\/acoustique-conseil.com\\\/en\\\/trois-nouveaux-arrivants-rejoignent-lequipe\\\/\"]}]},{\"@type\":\"ImageObject\",\"inLanguage\":\"en-US\",\"@id\":\"https:\\\/\\\/acoustique-conseil.com\\\/en\\\/trois-nouveaux-arrivants-rejoignent-lequipe\\\/#primaryimage\",\"url\":\"https:\\\/\\\/acoustique-conseil.com\\\/wp-content\\\/uploads\\\/2024\\\/08\\\/42.jpg\",\"contentUrl\":\"https:\\\/\\\/acoustique-conseil.com\\\/wp-content\\\/uploads\\\/2024\\\/08\\\/42.jpg\",\"width\":1500,\"height\":900},{\"@type\":\"BreadcrumbList\",\"@id\":\"https:\\\/\\\/acoustique-conseil.com\\\/en\\\/trois-nouveaux-arrivants-rejoignent-lequipe\\\/#breadcrumb\",\"itemListElement\":[{\"@type\":\"ListItem\",\"position\":1,\"name\":\"Accueil\",\"item\":\"https:\\\/\\\/acoustique-conseil.com\\\/en\\\/\"},{\"@type\":\"ListItem\",\"position\":2,\"name\":\"Actualit\u00e9s\",\"item\":\"https:\\\/\\\/acoustique-conseil.com\\\/en\\\/category\\\/actualites-en\\\/\"},{\"@type\":\"ListItem\",\"position\":3,\"name\":\"Trois nouveaux arrivants rejoignent l&rsquo;\u00e9quipe\"}]},{\"@type\":\"WebSite\",\"@id\":\"https:\\\/\\\/acoustique-conseil.com\\\/en\\\/#website\",\"url\":\"https:\\\/\\\/acoustique-conseil.com\\\/en\\\/\",\"name\":\"Acoustique &amp; Conseil\",\"description\":\"Bureau d&#039;\u00e9tude en acoustique et vibrations\",\"potentialAction\":[{\"@type\":\"SearchAction\",\"target\":{\"@type\":\"EntryPoint\",\"urlTemplate\":\"https:\\\/\\\/acoustique-conseil.com\\\/en\\\/?s={search_term_string}\"},\"query-input\":{\"@type\":\"PropertyValueSpecification\",\"valueRequired\":true,\"valueName\":\"search_term_string\"}}],\"inLanguage\":\"en-US\"},{\"@type\":\"Person\",\"@id\":\"https:\\\/\\\/acoustique-conseil.com\\\/en\\\/#\\\/schema\\\/person\\\/a46440b6454d8f5dc0c443e1471dad5c\",\"name\":\"WeAreBlow\",\"image\":{\"@type\":\"ImageObject\",\"inLanguage\":\"en-US\",\"@id\":\"https:\\\/\\\/secure.gravatar.com\\\/avatar\\\/4fe45c4c426fb5aa4064d00ab9add0ae2ca6ed3b17aeb23f05d9f8cd81f0f6c8?s=96&d=mm&r=g\",\"url\":\"https:\\\/\\\/secure.gravatar.com\\\/avatar\\\/4fe45c4c426fb5aa4064d00ab9add0ae2ca6ed3b17aeb23f05d9f8cd81f0f6c8?s=96&d=mm&r=g\",\"contentUrl\":\"https:\\\/\\\/secure.gravatar.com\\\/avatar\\\/4fe45c4c426fb5aa4064d00ab9add0ae2ca6ed3b17aeb23f05d9f8cd81f0f6c8?s=96&d=mm&r=g\",\"caption\":\"WeAreBlow\"},\"sameAs\":[\"https:\\\/\\\/acoustique-conseil.com\"]}]}<\/script>\n<!-- \/ Yoast SEO plugin. -->","yoast_head_json":{"title":"Trois nouveaux arrivants rejoignent l'\u00e9quipe - Acoustique &amp; Conseil","description":"Depuis Septembre 2013, nous avons le plaisir d'accueillir trois nouveaux arrivants qui viennent renforcer notre \u00e9quipe.Avec une formation d'ing\u00e9nieur du Son consolid\u00e9e par des cours du soir au CNAM pour obtenir le dipl\u00f4me d'Ing\u00e9nieur sp\u00e9cialis\u00e9 en Acoustique, Charlie S\u00e9n\u00e9caut a rejoint l'agence Paris-Est et apporte notamment ses comp\u00e9tences en Electro-Acoustique.","robots":{"index":"index","follow":"follow","max-snippet":"max-snippet:-1","max-image-preview":"max-image-preview:large","max-video-preview":"max-video-preview:-1"},"canonical":"https:\/\/acoustique-conseil.com\/en\/trois-nouveaux-arrivants-rejoignent-lequipe\/","og_locale":"en_US","og_type":"article","og_title":"Trois nouveaux arrivants rejoignent l'\u00e9quipe - Acoustique &amp; Conseil","og_description":"Depuis Septembre 2013, nous avons le plaisir d'accueillir trois nouveaux arrivants qui viennent renforcer notre \u00e9quipe.Avec une formation d'ing\u00e9nieur du Son consolid\u00e9e par des cours du soir au CNAM pour obtenir le dipl\u00f4me d'Ing\u00e9nieur sp\u00e9cialis\u00e9 en Acoustique, Charlie S\u00e9n\u00e9caut a rejoint l'agence Paris-Est et apporte notamment ses comp\u00e9tences en Electro-Acoustique.","og_url":"https:\/\/acoustique-conseil.com\/en\/trois-nouveaux-arrivants-rejoignent-lequipe\/","og_site_name":"Acoustique &amp; Conseil","article_published_time":"2013-11-20T09:09:27+00:00","article_modified_time":"2025-04-28T13:23:31+00:00","og_image":[{"width":1500,"height":900,"url":"https:\/\/acoustique-conseil.com\/wp-content\/uploads\/2024\/08\/42.jpg","type":"image\/jpeg"}],"author":"WeAreBlow","twitter_card":"summary_large_image","twitter_misc":{"Written by":"WeAreBlow","Est. reading time":"2 minutes"},"schema":{"@context":"https:\/\/schema.org","@graph":[{"@type":"Article","@id":"https:\/\/acoustique-conseil.com\/en\/trois-nouveaux-arrivants-rejoignent-lequipe\/#article","isPartOf":{"@id":"https:\/\/acoustique-conseil.com\/en\/trois-nouveaux-arrivants-rejoignent-lequipe\/"},"author":{"name":"WeAreBlow","@id":"https:\/\/acoustique-conseil.com\/en\/#\/schema\/person\/a46440b6454d8f5dc0c443e1471dad5c"},"headline":"Trois nouveaux arrivants rejoignent l&#8217;\u00e9quipe","datePublished":"2013-11-20T09:09:27+00:00","dateModified":"2025-04-28T13:23:31+00:00","mainEntityOfPage":{"@id":"https:\/\/acoustique-conseil.com\/en\/trois-nouveaux-arrivants-rejoignent-lequipe\/"},"wordCount":611,"image":{"@id":"https:\/\/acoustique-conseil.com\/en\/trois-nouveaux-arrivants-rejoignent-lequipe\/#primaryimage"},"thumbnailUrl":"https:\/\/acoustique-conseil.com\/wp-content\/uploads\/2024\/08\/42.jpg","articleSection":["Actualit\u00e9s"],"inLanguage":"en-US"},{"@type":"WebPage","@id":"https:\/\/acoustique-conseil.com\/en\/trois-nouveaux-arrivants-rejoignent-lequipe\/","url":"https:\/\/acoustique-conseil.com\/en\/trois-nouveaux-arrivants-rejoignent-lequipe\/","name":"Trois nouveaux arrivants rejoignent l'\u00e9quipe - Acoustique &amp; Conseil","isPartOf":{"@id":"https:\/\/acoustique-conseil.com\/en\/#website"},"primaryImageOfPage":{"@id":"https:\/\/acoustique-conseil.com\/en\/trois-nouveaux-arrivants-rejoignent-lequipe\/#primaryimage"},"image":{"@id":"https:\/\/acoustique-conseil.com\/en\/trois-nouveaux-arrivants-rejoignent-lequipe\/#primaryimage"},"thumbnailUrl":"https:\/\/acoustique-conseil.com\/wp-content\/uploads\/2024\/08\/42.jpg","datePublished":"2013-11-20T09:09:27+00:00","dateModified":"2025-04-28T13:23:31+00:00","author":{"@id":"https:\/\/acoustique-conseil.com\/en\/#\/schema\/person\/a46440b6454d8f5dc0c443e1471dad5c"},"description":"Depuis Septembre 2013, nous avons le plaisir d'accueillir trois nouveaux arrivants qui viennent renforcer notre \u00e9quipe.Avec une formation d'ing\u00e9nieur du Son consolid\u00e9e par des cours du soir au CNAM pour obtenir le dipl\u00f4me d'Ing\u00e9nieur sp\u00e9cialis\u00e9 en Acoustique, Charlie S\u00e9n\u00e9caut a rejoint l'agence Paris-Est et apporte notamment ses comp\u00e9tences en Electro-Acoustique.","breadcrumb":{"@id":"https:\/\/acoustique-conseil.com\/en\/trois-nouveaux-arrivants-rejoignent-lequipe\/#breadcrumb"},"inLanguage":"en-US","potentialAction":[{"@type":"ReadAction","target":["https:\/\/acoustique-conseil.com\/en\/trois-nouveaux-arrivants-rejoignent-lequipe\/"]}]},{"@type":"ImageObject","inLanguage":"en-US","@id":"https:\/\/acoustique-conseil.com\/en\/trois-nouveaux-arrivants-rejoignent-lequipe\/#primaryimage","url":"https:\/\/acoustique-conseil.com\/wp-content\/uploads\/2024\/08\/42.jpg","contentUrl":"https:\/\/acoustique-conseil.com\/wp-content\/uploads\/2024\/08\/42.jpg","width":1500,"height":900},{"@type":"BreadcrumbList","@id":"https:\/\/acoustique-conseil.com\/en\/trois-nouveaux-arrivants-rejoignent-lequipe\/#breadcrumb","itemListElement":[{"@type":"ListItem","position":1,"name":"Accueil","item":"https:\/\/acoustique-conseil.com\/en\/"},{"@type":"ListItem","position":2,"name":"Actualit\u00e9s","item":"https:\/\/acoustique-conseil.com\/en\/category\/actualites-en\/"},{"@type":"ListItem","position":3,"name":"Trois nouveaux arrivants rejoignent l&rsquo;\u00e9quipe"}]},{"@type":"WebSite","@id":"https:\/\/acoustique-conseil.com\/en\/#website","url":"https:\/\/acoustique-conseil.com\/en\/","name":"Acoustique &amp; Conseil","description":"Bureau d&#039;\u00e9tude en acoustique et vibrations","potentialAction":[{"@type":"SearchAction","target":{"@type":"EntryPoint","urlTemplate":"https:\/\/acoustique-conseil.com\/en\/?s={search_term_string}"},"query-input":{"@type":"PropertyValueSpecification","valueRequired":true,"valueName":"search_term_string"}}],"inLanguage":"en-US"},{"@type":"Person","@id":"https:\/\/acoustique-conseil.com\/en\/#\/schema\/person\/a46440b6454d8f5dc0c443e1471dad5c","name":"WeAreBlow","image":{"@type":"ImageObject","inLanguage":"en-US","@id":"https:\/\/secure.gravatar.com\/avatar\/4fe45c4c426fb5aa4064d00ab9add0ae2ca6ed3b17aeb23f05d9f8cd81f0f6c8?s=96&d=mm&r=g","url":"https:\/\/secure.gravatar.com\/avatar\/4fe45c4c426fb5aa4064d00ab9add0ae2ca6ed3b17aeb23f05d9f8cd81f0f6c8?s=96&d=mm&r=g","contentUrl":"https:\/\/secure.gravatar.com\/avatar\/4fe45c4c426fb5aa4064d00ab9add0ae2ca6ed3b17aeb23f05d9f8cd81f0f6c8?s=96&d=mm&r=g","caption":"WeAreBlow"},"sameAs":["https:\/\/acoustique-conseil.com"]}]}},"_links":{"self":[{"href":"https:\/\/acoustique-conseil.com\/en\/wp-json\/wp\/v2\/posts\/6940","targetHints":{"allow":["GET"]}}],"collection":[{"href":"https:\/\/acoustique-conseil.com\/en\/wp-json\/wp\/v2\/posts"}],"about":[{"href":"https:\/\/acoustique-conseil.com\/en\/wp-json\/wp\/v2\/types\/post"}],"author":[{"embeddable":true,"href":"https:\/\/acoustique-conseil.com\/en\/wp-json\/wp\/v2\/users\/2"}],"replies":[{"embeddable":true,"href":"https:\/\/acoustique-conseil.com\/en\/wp-json\/wp\/v2\/comments?post=6940"}],"version-history":[{"count":1,"href":"https:\/\/acoustique-conseil.com\/en\/wp-json\/wp\/v2\/posts\/6940\/revisions"}],"predecessor-version":[{"id":6941,"href":"https:\/\/acoustique-conseil.com\/en\/wp-json\/wp\/v2\/posts\/6940\/revisions\/6941"}],"wp:featuredmedia":[{"embeddable":true,"href":"https:\/\/acoustique-conseil.com\/en\/wp-json\/wp\/v2\/media\/5742"}],"wp:attachment":[{"href":"https:\/\/acoustique-conseil.com\/en\/wp-json\/wp\/v2\/media?parent=6940"}],"wp:term":[{"taxonomy":"category","embeddable":true,"href":"https:\/\/acoustique-conseil.com\/en\/wp-json\/wp\/v2\/categories?post=6940"},{"taxonomy":"post_tag","embeddable":true,"href":"https:\/\/acoustique-conseil.com\/en\/wp-json\/wp\/v2\/tags?post=6940"}],"curies":[{"name":"wp","href":"https:\/\/api.w.org\/{rel}","templated":true}]}}