{"id":6944,"date":"2013-07-31T10:13:58","date_gmt":"2013-07-31T08:13:58","guid":{"rendered":"https:\/\/acoustique-conseil.com\/paul-bourget-un-nouveau-quartier-a-la-porte-ditalie-paris-13e\/"},"modified":"2025-04-28T15:25:17","modified_gmt":"2025-04-28T13:25:17","slug":"paul-bourget-un-nouveau-quartier-a-la-porte-ditalie-paris-13e","status":"publish","type":"post","link":"https:\/\/acoustique-conseil.com\/en\/paul-bourget-un-nouveau-quartier-a-la-porte-ditalie-paris-13e\/","title":{"rendered":"Paul Bourget &#8211; Un nouveau quartier \u00e0 la Porte d&#8217;Italie, Paris 13e"},"content":{"rendered":"[vc_row type=&#8221;in_container&#8221; full_screen_row_position=&#8221;middle&#8221; column_margin=&#8221;default&#8221; column_direction=&#8221;default&#8221; column_direction_tablet=&#8221;default&#8221; column_direction_phone=&#8221;default&#8221; scene_position=&#8221;center&#8221; text_color=&#8221;dark&#8221; text_align=&#8221;left&#8221; row_border_radius=&#8221;none&#8221; row_border_radius_applies=&#8221;bg&#8221; overflow=&#8221;visible&#8221; overlay_strength=&#8221;0.3&#8243; gradient_direction=&#8221;left_to_right&#8221; shape_divider_position=&#8221;bottom&#8221; bg_image_animation=&#8221;none&#8221; gradient_type=&#8221;default&#8221; shape_type=&#8221;&#8221;][vc_column column_padding=&#8221;no-extra-padding&#8221; column_padding_tablet=&#8221;inherit&#8221; column_padding_phone=&#8221;inherit&#8221; column_padding_position=&#8221;all&#8221; column_element_direction_desktop=&#8221;default&#8221; column_element_spacing=&#8221;default&#8221; desktop_text_alignment=&#8221;default&#8221; tablet_text_alignment=&#8221;default&#8221; phone_text_alignment=&#8221;default&#8221; background_color_opacity=&#8221;1&#8243; background_hover_color_opacity=&#8221;1&#8243; column_backdrop_filter=&#8221;none&#8221; column_shadow=&#8221;none&#8221; column_border_radius=&#8221;none&#8221; column_link_target=&#8221;_self&#8221; column_position=&#8221;default&#8221; gradient_direction=&#8221;left_to_right&#8221; overlay_strength=&#8221;0.3&#8243; width=&#8221;1\/1&#8243; tablet_width_inherit=&#8221;default&#8221; animation_type=&#8221;default&#8221; bg_image_animation=&#8221;none&#8221; border_type=&#8221;simple&#8221; column_border_width=&#8221;none&#8221; column_border_style=&#8221;solid&#8221;][vc_column_text css=&#8221;&#8221; text_direction=&#8221;default&#8221;]Le secteur Paul Bourget pr\u00e8s de la Porte d&#8217;Italie, va bient\u00f4t \u00eatre r\u00e9am\u00e9nag\u00e9 compl\u00e8tement. Notamment une protection acoustique du p\u00e9riph\u00e9rique sous la forme de b\u00e2timents \u00e9crans a \u00e9t\u00e9 \u00e9tudi\u00e9e par Acoustique &amp; Conseil dans le cadre d&#8217;une mission acoustique d&#8217;urbanisme (MOU : Ville de Paris, Architecte Urbaniste : Urban Act, Paysagiste : Mich\u00e8le Elsair, D\u00e9veloppement Durable : Projex \/ Diagobat, Acoustique : Nicolas Vu-Hoang et Chiara Simeone).<\/p>\n<p>En savoir plus sur\u00a0<a href=\"http:\/\/www.lemoniteur.fr\/155-projets\/article\/actualite\/19742183-le-conseil-de-paris-donne-son-feu-vert-a-la-restructuration-urbaine-de-la-cite-paul-bourget?19742180=19742178#19742180\" target=\"_blank\" rel=\"noopener\">Le Moniteur<\/a>[\/vc_column_text][\/vc_column][\/vc_row][vc_row type=&#8221;in_container&#8221; full_screen_row_position=&#8221;middle&#8221; column_margin=&#8221;default&#8221; column_direction=&#8221;default&#8221; column_direction_tablet=&#8221;default&#8221; column_direction_phone=&#8221;default&#8221; scene_position=&#8221;center&#8221; text_color=&#8221;dark&#8221; text_align=&#8221;left&#8221; row_border_radius=&#8221;none&#8221; row_border_radius_applies=&#8221;bg&#8221; overflow=&#8221;visible&#8221; overlay_strength=&#8221;0.3&#8243; gradient_direction=&#8221;left_to_right&#8221; shape_divider_position=&#8221;bottom&#8221; bg_image_animation=&#8221;none&#8221;][vc_column column_padding=&#8221;no-extra-padding&#8221; column_padding_tablet=&#8221;inherit&#8221; column_padding_phone=&#8221;inherit&#8221; column_padding_position=&#8221;all&#8221; column_element_direction_desktop=&#8221;default&#8221; column_element_spacing=&#8221;default&#8221; desktop_text_alignment=&#8221;default&#8221; tablet_text_alignment=&#8221;default&#8221; phone_text_alignment=&#8221;default&#8221; background_color_opacity=&#8221;1&#8243; background_hover_color_opacity=&#8221;1&#8243; column_backdrop_filter=&#8221;none&#8221; column_shadow=&#8221;none&#8221; column_border_radius=&#8221;none&#8221; column_link_target=&#8221;_self&#8221; column_position=&#8221;default&#8221; gradient_direction=&#8221;left_to_right&#8221; overlay_strength=&#8221;0.3&#8243; width=&#8221;1\/1&#8243; tablet_width_inherit=&#8221;default&#8221; animation_type=&#8221;default&#8221; bg_image_animation=&#8221;none&#8221; border_type=&#8221;simple&#8221; column_border_width=&#8221;none&#8221; column_border_style=&#8221;solid&#8221;][nectar_global_section id=&#8221;6718&#8243;][\/vc_column][\/vc_row]\n","protected":false},"excerpt":{"rendered":"<p>[vc_row type=&#8221;in_container&#8221; full_screen_row_position=&#8221;middle&#8221; column_margin=&#8221;default&#8221; column_direction=&#8221;default&#8221; column_direction_tablet=&#8221;default&#8221; column_direction_phone=&#8221;default&#8221; scene_position=&#8221;center&#8221; text_color=&#8221;dark&#8221; text_align=&#8221;left&#8221; row_border_radius=&#8221;none&#8221; row_border_radius_applies=&#8221;bg&#8221; overflow=&#8221;visible&#8221; overlay_strength=&#8221;0.3&#8243; gradient_direction=&#8221;left_to_right&#8221; shape_divider_position=&#8221;bottom&#8221; bg_image_animation=&#8221;none&#8221; gradient_type=&#8221;default&#8221; shape_type=&#8221;&#8221;][vc_column column_padding=&#8221;no-extra-padding&#8221; column_padding_tablet=&#8221;inherit&#8221; column_padding_phone=&#8221;inherit&#8221; column_padding_position=&#8221;all&#8221; column_element_direction_desktop=&#8221;default&#8221; column_element_spacing=&#8221;default&#8221; desktop_text_alignment=&#8221;default&#8221; tablet_text_alignment=&#8221;default&#8221; phone_text_alignment=&#8221;default&#8221; background_color_opacity=&#8221;1&#8243; background_hover_color_opacity=&#8221;1&#8243;&#8230;<\/p>\n","protected":false},"author":2,"featured_media":5955,"comment_status":"closed","ping_status":"open","sticky":false,"template":"","format":"standard","meta":{"_acf_changed":false,"footnotes":""},"categories":[246],"tags":[],"class_list":{"0":"post-6944","1":"post","2":"type-post","3":"status-publish","4":"format-standard","5":"has-post-thumbnail","7":"category-actualites-en"},"acf":[],"yoast_head":"<!-- This site is optimized with the Yoast SEO plugin v27.5 - https:\/\/yoast.com\/product\/yoast-seo-wordpress\/ -->\n<title>Paul Bourget - Un nouveau quartier \u00e0 la Porte d&#039;Italie, Paris 13e - Acoustique &amp; Conseil<\/title>\n<meta name=\"description\" content=\"Le secteur Paul Bourget pr\u00e8s de la Porte d&#039;Italie, va bient\u00f4t \u00eatre r\u00e9am\u00e9nag\u00e9 compl\u00e8tement.\" \/>\n<meta name=\"robots\" content=\"index, follow, max-snippet:-1, max-image-preview:large, max-video-preview:-1\" \/>\n<link rel=\"canonical\" href=\"https:\/\/acoustique-conseil.com\/en\/paul-bourget-un-nouveau-quartier-a-la-porte-ditalie-paris-13e\/\" \/>\n<meta property=\"og:locale\" content=\"en_US\" \/>\n<meta property=\"og:type\" content=\"article\" \/>\n<meta property=\"og:title\" content=\"Paul Bourget - Un nouveau quartier \u00e0 la Porte d&#039;Italie, Paris 13e - Acoustique &amp; Conseil\" \/>\n<meta property=\"og:description\" content=\"Le secteur Paul Bourget pr\u00e8s de la Porte d&#039;Italie, va bient\u00f4t \u00eatre r\u00e9am\u00e9nag\u00e9 compl\u00e8tement.\" \/>\n<meta property=\"og:url\" content=\"https:\/\/acoustique-conseil.com\/en\/paul-bourget-un-nouveau-quartier-a-la-porte-ditalie-paris-13e\/\" \/>\n<meta property=\"og:site_name\" content=\"Acoustique &amp; Conseil\" \/>\n<meta property=\"article:published_time\" content=\"2013-07-31T08:13:58+00:00\" \/>\n<meta property=\"article:modified_time\" content=\"2025-04-28T13:25:17+00:00\" \/>\n<meta property=\"og:image\" content=\"https:\/\/acoustique-conseil.com\/wp-content\/uploads\/2024\/10\/paul_bourget.jpg\" \/>\n\t<meta property=\"og:image:width\" content=\"512\" \/>\n\t<meta property=\"og:image:height\" content=\"512\" \/>\n\t<meta property=\"og:image:type\" content=\"image\/jpeg\" \/>\n<meta name=\"author\" content=\"WeAreBlow\" \/>\n<meta name=\"twitter:card\" content=\"summary_large_image\" \/>\n<meta name=\"twitter:label1\" content=\"Written by\" \/>\n\t<meta name=\"twitter:data1\" content=\"WeAreBlow\" \/>\n\t<meta name=\"twitter:label2\" content=\"Est. reading time\" \/>\n\t<meta name=\"twitter:data2\" content=\"1 minute\" \/>\n<script type=\"application\/ld+json\" class=\"yoast-schema-graph\">{\"@context\":\"https:\\\/\\\/schema.org\",\"@graph\":[{\"@type\":\"Article\",\"@id\":\"https:\\\/\\\/acoustique-conseil.com\\\/en\\\/paul-bourget-un-nouveau-quartier-a-la-porte-ditalie-paris-13e\\\/#article\",\"isPartOf\":{\"@id\":\"https:\\\/\\\/acoustique-conseil.com\\\/en\\\/paul-bourget-un-nouveau-quartier-a-la-porte-ditalie-paris-13e\\\/\"},\"author\":{\"name\":\"WeAreBlow\",\"@id\":\"https:\\\/\\\/acoustique-conseil.com\\\/en\\\/#\\\/schema\\\/person\\\/a46440b6454d8f5dc0c443e1471dad5c\"},\"headline\":\"Paul Bourget &#8211; Un nouveau quartier \u00e0 la Porte d&#8217;Italie, Paris 13e\",\"datePublished\":\"2013-07-31T08:13:58+00:00\",\"dateModified\":\"2025-04-28T13:25:17+00:00\",\"mainEntityOfPage\":{\"@id\":\"https:\\\/\\\/acoustique-conseil.com\\\/en\\\/paul-bourget-un-nouveau-quartier-a-la-porte-ditalie-paris-13e\\\/\"},\"wordCount\":424,\"image\":{\"@id\":\"https:\\\/\\\/acoustique-conseil.com\\\/en\\\/paul-bourget-un-nouveau-quartier-a-la-porte-ditalie-paris-13e\\\/#primaryimage\"},\"thumbnailUrl\":\"https:\\\/\\\/acoustique-conseil.com\\\/wp-content\\\/uploads\\\/2024\\\/10\\\/paul_bourget.jpg\",\"articleSection\":[\"Actualit\u00e9s\"],\"inLanguage\":\"en-US\"},{\"@type\":\"WebPage\",\"@id\":\"https:\\\/\\\/acoustique-conseil.com\\\/en\\\/paul-bourget-un-nouveau-quartier-a-la-porte-ditalie-paris-13e\\\/\",\"url\":\"https:\\\/\\\/acoustique-conseil.com\\\/en\\\/paul-bourget-un-nouveau-quartier-a-la-porte-ditalie-paris-13e\\\/\",\"name\":\"Paul Bourget - Un nouveau quartier \u00e0 la Porte d'Italie, Paris 13e - Acoustique &amp; Conseil\",\"isPartOf\":{\"@id\":\"https:\\\/\\\/acoustique-conseil.com\\\/en\\\/#website\"},\"primaryImageOfPage\":{\"@id\":\"https:\\\/\\\/acoustique-conseil.com\\\/en\\\/paul-bourget-un-nouveau-quartier-a-la-porte-ditalie-paris-13e\\\/#primaryimage\"},\"image\":{\"@id\":\"https:\\\/\\\/acoustique-conseil.com\\\/en\\\/paul-bourget-un-nouveau-quartier-a-la-porte-ditalie-paris-13e\\\/#primaryimage\"},\"thumbnailUrl\":\"https:\\\/\\\/acoustique-conseil.com\\\/wp-content\\\/uploads\\\/2024\\\/10\\\/paul_bourget.jpg\",\"datePublished\":\"2013-07-31T08:13:58+00:00\",\"dateModified\":\"2025-04-28T13:25:17+00:00\",\"author\":{\"@id\":\"https:\\\/\\\/acoustique-conseil.com\\\/en\\\/#\\\/schema\\\/person\\\/a46440b6454d8f5dc0c443e1471dad5c\"},\"description\":\"Le secteur Paul Bourget pr\u00e8s de la Porte d'Italie, va bient\u00f4t \u00eatre r\u00e9am\u00e9nag\u00e9 compl\u00e8tement.\",\"breadcrumb\":{\"@id\":\"https:\\\/\\\/acoustique-conseil.com\\\/en\\\/paul-bourget-un-nouveau-quartier-a-la-porte-ditalie-paris-13e\\\/#breadcrumb\"},\"inLanguage\":\"en-US\",\"potentialAction\":[{\"@type\":\"ReadAction\",\"target\":[\"https:\\\/\\\/acoustique-conseil.com\\\/en\\\/paul-bourget-un-nouveau-quartier-a-la-porte-ditalie-paris-13e\\\/\"]}]},{\"@type\":\"ImageObject\",\"inLanguage\":\"en-US\",\"@id\":\"https:\\\/\\\/acoustique-conseil.com\\\/en\\\/paul-bourget-un-nouveau-quartier-a-la-porte-ditalie-paris-13e\\\/#primaryimage\",\"url\":\"https:\\\/\\\/acoustique-conseil.com\\\/wp-content\\\/uploads\\\/2024\\\/10\\\/paul_bourget.jpg\",\"contentUrl\":\"https:\\\/\\\/acoustique-conseil.com\\\/wp-content\\\/uploads\\\/2024\\\/10\\\/paul_bourget.jpg\",\"width\":512,\"height\":512},{\"@type\":\"BreadcrumbList\",\"@id\":\"https:\\\/\\\/acoustique-conseil.com\\\/en\\\/paul-bourget-un-nouveau-quartier-a-la-porte-ditalie-paris-13e\\\/#breadcrumb\",\"itemListElement\":[{\"@type\":\"ListItem\",\"position\":1,\"name\":\"Accueil\",\"item\":\"https:\\\/\\\/acoustique-conseil.com\\\/en\\\/\"},{\"@type\":\"ListItem\",\"position\":2,\"name\":\"Actualit\u00e9s\",\"item\":\"https:\\\/\\\/acoustique-conseil.com\\\/en\\\/category\\\/actualites-en\\\/\"},{\"@type\":\"ListItem\",\"position\":3,\"name\":\"Paul Bourget &#8211; Un nouveau quartier \u00e0 la Porte d&rsquo;Italie, Paris 13e\"}]},{\"@type\":\"WebSite\",\"@id\":\"https:\\\/\\\/acoustique-conseil.com\\\/en\\\/#website\",\"url\":\"https:\\\/\\\/acoustique-conseil.com\\\/en\\\/\",\"name\":\"Acoustique &amp; Conseil\",\"description\":\"Bureau d&#039;\u00e9tude en acoustique et vibrations\",\"potentialAction\":[{\"@type\":\"SearchAction\",\"target\":{\"@type\":\"EntryPoint\",\"urlTemplate\":\"https:\\\/\\\/acoustique-conseil.com\\\/en\\\/?s={search_term_string}\"},\"query-input\":{\"@type\":\"PropertyValueSpecification\",\"valueRequired\":true,\"valueName\":\"search_term_string\"}}],\"inLanguage\":\"en-US\"},{\"@type\":\"Person\",\"@id\":\"https:\\\/\\\/acoustique-conseil.com\\\/en\\\/#\\\/schema\\\/person\\\/a46440b6454d8f5dc0c443e1471dad5c\",\"name\":\"WeAreBlow\",\"image\":{\"@type\":\"ImageObject\",\"inLanguage\":\"en-US\",\"@id\":\"https:\\\/\\\/secure.gravatar.com\\\/avatar\\\/4fe45c4c426fb5aa4064d00ab9add0ae2ca6ed3b17aeb23f05d9f8cd81f0f6c8?s=96&d=mm&r=g\",\"url\":\"https:\\\/\\\/secure.gravatar.com\\\/avatar\\\/4fe45c4c426fb5aa4064d00ab9add0ae2ca6ed3b17aeb23f05d9f8cd81f0f6c8?s=96&d=mm&r=g\",\"contentUrl\":\"https:\\\/\\\/secure.gravatar.com\\\/avatar\\\/4fe45c4c426fb5aa4064d00ab9add0ae2ca6ed3b17aeb23f05d9f8cd81f0f6c8?s=96&d=mm&r=g\",\"caption\":\"WeAreBlow\"},\"sameAs\":[\"https:\\\/\\\/acoustique-conseil.com\"]}]}<\/script>\n<!-- \/ Yoast SEO plugin. -->","yoast_head_json":{"title":"Paul Bourget - Un nouveau quartier \u00e0 la Porte d'Italie, Paris 13e - Acoustique &amp; Conseil","description":"Le secteur Paul Bourget pr\u00e8s de la Porte d'Italie, va bient\u00f4t \u00eatre r\u00e9am\u00e9nag\u00e9 compl\u00e8tement.","robots":{"index":"index","follow":"follow","max-snippet":"max-snippet:-1","max-image-preview":"max-image-preview:large","max-video-preview":"max-video-preview:-1"},"canonical":"https:\/\/acoustique-conseil.com\/en\/paul-bourget-un-nouveau-quartier-a-la-porte-ditalie-paris-13e\/","og_locale":"en_US","og_type":"article","og_title":"Paul Bourget - Un nouveau quartier \u00e0 la Porte d'Italie, Paris 13e - Acoustique &amp; Conseil","og_description":"Le secteur Paul Bourget pr\u00e8s de la Porte d'Italie, va bient\u00f4t \u00eatre r\u00e9am\u00e9nag\u00e9 compl\u00e8tement.","og_url":"https:\/\/acoustique-conseil.com\/en\/paul-bourget-un-nouveau-quartier-a-la-porte-ditalie-paris-13e\/","og_site_name":"Acoustique &amp; Conseil","article_published_time":"2013-07-31T08:13:58+00:00","article_modified_time":"2025-04-28T13:25:17+00:00","og_image":[{"width":512,"height":512,"url":"https:\/\/acoustique-conseil.com\/wp-content\/uploads\/2024\/10\/paul_bourget.jpg","type":"image\/jpeg"}],"author":"WeAreBlow","twitter_card":"summary_large_image","twitter_misc":{"Written by":"WeAreBlow","Est. reading time":"1 minute"},"schema":{"@context":"https:\/\/schema.org","@graph":[{"@type":"Article","@id":"https:\/\/acoustique-conseil.com\/en\/paul-bourget-un-nouveau-quartier-a-la-porte-ditalie-paris-13e\/#article","isPartOf":{"@id":"https:\/\/acoustique-conseil.com\/en\/paul-bourget-un-nouveau-quartier-a-la-porte-ditalie-paris-13e\/"},"author":{"name":"WeAreBlow","@id":"https:\/\/acoustique-conseil.com\/en\/#\/schema\/person\/a46440b6454d8f5dc0c443e1471dad5c"},"headline":"Paul Bourget &#8211; Un nouveau quartier \u00e0 la Porte d&#8217;Italie, Paris 13e","datePublished":"2013-07-31T08:13:58+00:00","dateModified":"2025-04-28T13:25:17+00:00","mainEntityOfPage":{"@id":"https:\/\/acoustique-conseil.com\/en\/paul-bourget-un-nouveau-quartier-a-la-porte-ditalie-paris-13e\/"},"wordCount":424,"image":{"@id":"https:\/\/acoustique-conseil.com\/en\/paul-bourget-un-nouveau-quartier-a-la-porte-ditalie-paris-13e\/#primaryimage"},"thumbnailUrl":"https:\/\/acoustique-conseil.com\/wp-content\/uploads\/2024\/10\/paul_bourget.jpg","articleSection":["Actualit\u00e9s"],"inLanguage":"en-US"},{"@type":"WebPage","@id":"https:\/\/acoustique-conseil.com\/en\/paul-bourget-un-nouveau-quartier-a-la-porte-ditalie-paris-13e\/","url":"https:\/\/acoustique-conseil.com\/en\/paul-bourget-un-nouveau-quartier-a-la-porte-ditalie-paris-13e\/","name":"Paul Bourget - Un nouveau quartier \u00e0 la Porte d'Italie, Paris 13e - Acoustique &amp; Conseil","isPartOf":{"@id":"https:\/\/acoustique-conseil.com\/en\/#website"},"primaryImageOfPage":{"@id":"https:\/\/acoustique-conseil.com\/en\/paul-bourget-un-nouveau-quartier-a-la-porte-ditalie-paris-13e\/#primaryimage"},"image":{"@id":"https:\/\/acoustique-conseil.com\/en\/paul-bourget-un-nouveau-quartier-a-la-porte-ditalie-paris-13e\/#primaryimage"},"thumbnailUrl":"https:\/\/acoustique-conseil.com\/wp-content\/uploads\/2024\/10\/paul_bourget.jpg","datePublished":"2013-07-31T08:13:58+00:00","dateModified":"2025-04-28T13:25:17+00:00","author":{"@id":"https:\/\/acoustique-conseil.com\/en\/#\/schema\/person\/a46440b6454d8f5dc0c443e1471dad5c"},"description":"Le secteur Paul Bourget pr\u00e8s de la Porte d'Italie, va bient\u00f4t \u00eatre r\u00e9am\u00e9nag\u00e9 compl\u00e8tement.","breadcrumb":{"@id":"https:\/\/acoustique-conseil.com\/en\/paul-bourget-un-nouveau-quartier-a-la-porte-ditalie-paris-13e\/#breadcrumb"},"inLanguage":"en-US","potentialAction":[{"@type":"ReadAction","target":["https:\/\/acoustique-conseil.com\/en\/paul-bourget-un-nouveau-quartier-a-la-porte-ditalie-paris-13e\/"]}]},{"@type":"ImageObject","inLanguage":"en-US","@id":"https:\/\/acoustique-conseil.com\/en\/paul-bourget-un-nouveau-quartier-a-la-porte-ditalie-paris-13e\/#primaryimage","url":"https:\/\/acoustique-conseil.com\/wp-content\/uploads\/2024\/10\/paul_bourget.jpg","contentUrl":"https:\/\/acoustique-conseil.com\/wp-content\/uploads\/2024\/10\/paul_bourget.jpg","width":512,"height":512},{"@type":"BreadcrumbList","@id":"https:\/\/acoustique-conseil.com\/en\/paul-bourget-un-nouveau-quartier-a-la-porte-ditalie-paris-13e\/#breadcrumb","itemListElement":[{"@type":"ListItem","position":1,"name":"Accueil","item":"https:\/\/acoustique-conseil.com\/en\/"},{"@type":"ListItem","position":2,"name":"Actualit\u00e9s","item":"https:\/\/acoustique-conseil.com\/en\/category\/actualites-en\/"},{"@type":"ListItem","position":3,"name":"Paul Bourget &#8211; Un nouveau quartier \u00e0 la Porte d&rsquo;Italie, Paris 13e"}]},{"@type":"WebSite","@id":"https:\/\/acoustique-conseil.com\/en\/#website","url":"https:\/\/acoustique-conseil.com\/en\/","name":"Acoustique &amp; Conseil","description":"Bureau d&#039;\u00e9tude en acoustique et vibrations","potentialAction":[{"@type":"SearchAction","target":{"@type":"EntryPoint","urlTemplate":"https:\/\/acoustique-conseil.com\/en\/?s={search_term_string}"},"query-input":{"@type":"PropertyValueSpecification","valueRequired":true,"valueName":"search_term_string"}}],"inLanguage":"en-US"},{"@type":"Person","@id":"https:\/\/acoustique-conseil.com\/en\/#\/schema\/person\/a46440b6454d8f5dc0c443e1471dad5c","name":"WeAreBlow","image":{"@type":"ImageObject","inLanguage":"en-US","@id":"https:\/\/secure.gravatar.com\/avatar\/4fe45c4c426fb5aa4064d00ab9add0ae2ca6ed3b17aeb23f05d9f8cd81f0f6c8?s=96&d=mm&r=g","url":"https:\/\/secure.gravatar.com\/avatar\/4fe45c4c426fb5aa4064d00ab9add0ae2ca6ed3b17aeb23f05d9f8cd81f0f6c8?s=96&d=mm&r=g","contentUrl":"https:\/\/secure.gravatar.com\/avatar\/4fe45c4c426fb5aa4064d00ab9add0ae2ca6ed3b17aeb23f05d9f8cd81f0f6c8?s=96&d=mm&r=g","caption":"WeAreBlow"},"sameAs":["https:\/\/acoustique-conseil.com"]}]}},"_links":{"self":[{"href":"https:\/\/acoustique-conseil.com\/en\/wp-json\/wp\/v2\/posts\/6944","targetHints":{"allow":["GET"]}}],"collection":[{"href":"https:\/\/acoustique-conseil.com\/en\/wp-json\/wp\/v2\/posts"}],"about":[{"href":"https:\/\/acoustique-conseil.com\/en\/wp-json\/wp\/v2\/types\/post"}],"author":[{"embeddable":true,"href":"https:\/\/acoustique-conseil.com\/en\/wp-json\/wp\/v2\/users\/2"}],"replies":[{"embeddable":true,"href":"https:\/\/acoustique-conseil.com\/en\/wp-json\/wp\/v2\/comments?post=6944"}],"version-history":[{"count":1,"href":"https:\/\/acoustique-conseil.com\/en\/wp-json\/wp\/v2\/posts\/6944\/revisions"}],"predecessor-version":[{"id":6945,"href":"https:\/\/acoustique-conseil.com\/en\/wp-json\/wp\/v2\/posts\/6944\/revisions\/6945"}],"wp:featuredmedia":[{"embeddable":true,"href":"https:\/\/acoustique-conseil.com\/en\/wp-json\/wp\/v2\/media\/5955"}],"wp:attachment":[{"href":"https:\/\/acoustique-conseil.com\/en\/wp-json\/wp\/v2\/media?parent=6944"}],"wp:term":[{"taxonomy":"category","embeddable":true,"href":"https:\/\/acoustique-conseil.com\/en\/wp-json\/wp\/v2\/categories?post=6944"},{"taxonomy":"post_tag","embeddable":true,"href":"https:\/\/acoustique-conseil.com\/en\/wp-json\/wp\/v2\/tags?post=6944"}],"curies":[{"name":"wp","href":"https:\/\/api.w.org\/{rel}","templated":true}]}}