{"id":6951,"date":"2013-08-01T10:19:00","date_gmt":"2013-08-01T08:19:00","guid":{"rendered":"https:\/\/acoustique-conseil.com\/logements-rue-de-la-croix-nivert-a-paris\/"},"modified":"2025-04-28T15:28:36","modified_gmt":"2025-04-28T13:28:36","slug":"logements-rue-de-la-croix-nivert-a-paris","status":"publish","type":"post","link":"https:\/\/acoustique-conseil.com\/en\/logements-rue-de-la-croix-nivert-a-paris\/","title":{"rendered":"Logements rue de la Croix Nivert \u00e0 Paris"},"content":{"rendered":"[vc_row type=&#8221;in_container&#8221; full_screen_row_position=&#8221;middle&#8221; column_margin=&#8221;default&#8221; column_direction=&#8221;default&#8221; column_direction_tablet=&#8221;default&#8221; column_direction_phone=&#8221;default&#8221; scene_position=&#8221;center&#8221; text_color=&#8221;dark&#8221; text_align=&#8221;left&#8221; row_border_radius=&#8221;none&#8221; row_border_radius_applies=&#8221;bg&#8221; overflow=&#8221;visible&#8221; overlay_strength=&#8221;0.3&#8243; gradient_direction=&#8221;left_to_right&#8221; shape_divider_position=&#8221;bottom&#8221; bg_image_animation=&#8221;none&#8221; gradient_type=&#8221;default&#8221; shape_type=&#8221;&#8221;][vc_column column_padding=&#8221;no-extra-padding&#8221; column_padding_tablet=&#8221;inherit&#8221; column_padding_phone=&#8221;inherit&#8221; column_padding_position=&#8221;all&#8221; column_element_direction_desktop=&#8221;default&#8221; column_element_spacing=&#8221;default&#8221; desktop_text_alignment=&#8221;default&#8221; tablet_text_alignment=&#8221;default&#8221; phone_text_alignment=&#8221;default&#8221; background_color_opacity=&#8221;1&#8243; background_hover_color_opacity=&#8221;1&#8243; column_backdrop_filter=&#8221;none&#8221; column_shadow=&#8221;none&#8221; column_border_radius=&#8221;none&#8221; column_link_target=&#8221;_self&#8221; column_position=&#8221;default&#8221; gradient_direction=&#8221;left_to_right&#8221; overlay_strength=&#8221;0.3&#8243; width=&#8221;1\/1&#8243; tablet_width_inherit=&#8221;default&#8221; animation_type=&#8221;default&#8221; bg_image_animation=&#8221;none&#8221; border_type=&#8221;simple&#8221; column_border_width=&#8221;none&#8221; column_border_style=&#8221;solid&#8221;][vc_column_text css=&#8221;&#8221; text_direction=&#8221;default&#8221;]D\u00e9couvrez le projet des 131 logements sociaux et une cr\u00e8che collective rue de la Croix Nivert \u00e0 Paris, sur le site de l&#8217;agence d&#8217;architecture Ciel Rouge Cr\u00e9ation. Projet r\u00e9alis\u00e9 pour A&amp;C par Chiara Simeone.<\/p>\n<p>Pour en savoir plus c&#8217;est par ici :\u00a0<a href=\"http:\/\/cielrouge.com\/fr\/logements-collectifs\/131-logements-sociaux-et-creche-collective\" target=\"_blank\" rel=\"noopener\">http:\/\/cielrouge.com\/fr\/logements-collectifs\/131-logements-sociaux-et-cr&#8230;<\/a>[\/vc_column_text][\/vc_column][\/vc_row][vc_row type=&#8221;in_container&#8221; full_screen_row_position=&#8221;middle&#8221; column_margin=&#8221;default&#8221; column_direction=&#8221;default&#8221; column_direction_tablet=&#8221;default&#8221; column_direction_phone=&#8221;default&#8221; scene_position=&#8221;center&#8221; text_color=&#8221;dark&#8221; text_align=&#8221;left&#8221; row_border_radius=&#8221;none&#8221; row_border_radius_applies=&#8221;bg&#8221; overflow=&#8221;visible&#8221; overlay_strength=&#8221;0.3&#8243; gradient_direction=&#8221;left_to_right&#8221; shape_divider_position=&#8221;bottom&#8221; bg_image_animation=&#8221;none&#8221;][vc_column column_padding=&#8221;no-extra-padding&#8221; column_padding_tablet=&#8221;inherit&#8221; column_padding_phone=&#8221;inherit&#8221; column_padding_position=&#8221;all&#8221; column_element_direction_desktop=&#8221;default&#8221; column_element_spacing=&#8221;default&#8221; desktop_text_alignment=&#8221;default&#8221; tablet_text_alignment=&#8221;default&#8221; phone_text_alignment=&#8221;default&#8221; background_color_opacity=&#8221;1&#8243; background_hover_color_opacity=&#8221;1&#8243; column_backdrop_filter=&#8221;none&#8221; column_shadow=&#8221;none&#8221; column_border_radius=&#8221;none&#8221; column_link_target=&#8221;_self&#8221; column_position=&#8221;default&#8221; gradient_direction=&#8221;left_to_right&#8221; overlay_strength=&#8221;0.3&#8243; width=&#8221;1\/1&#8243; tablet_width_inherit=&#8221;default&#8221; animation_type=&#8221;default&#8221; bg_image_animation=&#8221;none&#8221; border_type=&#8221;simple&#8221; column_border_width=&#8221;none&#8221; column_border_style=&#8221;solid&#8221;][nectar_global_section id=&#8221;6718&#8243;][\/vc_column][\/vc_row]\n","protected":false},"excerpt":{"rendered":"<p>[vc_row type=&#8221;in_container&#8221; full_screen_row_position=&#8221;middle&#8221; column_margin=&#8221;default&#8221; column_direction=&#8221;default&#8221; column_direction_tablet=&#8221;default&#8221; column_direction_phone=&#8221;default&#8221; scene_position=&#8221;center&#8221; text_color=&#8221;dark&#8221; text_align=&#8221;left&#8221; row_border_radius=&#8221;none&#8221; row_border_radius_applies=&#8221;bg&#8221; overflow=&#8221;visible&#8221; overlay_strength=&#8221;0.3&#8243; gradient_direction=&#8221;left_to_right&#8221; shape_divider_position=&#8221;bottom&#8221; bg_image_animation=&#8221;none&#8221; gradient_type=&#8221;default&#8221; shape_type=&#8221;&#8221;][vc_column column_padding=&#8221;no-extra-padding&#8221; column_padding_tablet=&#8221;inherit&#8221; column_padding_phone=&#8221;inherit&#8221; column_padding_position=&#8221;all&#8221; column_element_direction_desktop=&#8221;default&#8221; column_element_spacing=&#8221;default&#8221; desktop_text_alignment=&#8221;default&#8221; tablet_text_alignment=&#8221;default&#8221; phone_text_alignment=&#8221;default&#8221; background_color_opacity=&#8221;1&#8243; background_hover_color_opacity=&#8221;1&#8243;&#8230;<\/p>\n","protected":false},"author":2,"featured_media":5958,"comment_status":"closed","ping_status":"open","sticky":false,"template":"","format":"standard","meta":{"_acf_changed":false,"footnotes":""},"categories":[246],"tags":[],"class_list":{"0":"post-6951","1":"post","2":"type-post","3":"status-publish","4":"format-standard","5":"has-post-thumbnail","7":"category-actualites-en"},"acf":[],"yoast_head":"<!-- This site is optimized with the Yoast SEO plugin v27.5 - https:\/\/yoast.com\/product\/yoast-seo-wordpress\/ -->\n<title>Logements rue de la Croix Nivert \u00e0 Paris - Acoustique &amp; Conseil<\/title>\n<meta name=\"description\" content=\"D\u00e9couvrez le projet des 131 logements sociaux et une cr\u00e8che collective rue de la Croix Nivert \u00e0 Paris, sur le site de l&#039;agence d&#039;architecture Ciel Rouge Cr\u00e9ation. Projet r\u00e9alis\u00e9 pour A&amp;C par Chiara Simeone.\" \/>\n<meta name=\"robots\" content=\"index, follow, max-snippet:-1, max-image-preview:large, max-video-preview:-1\" \/>\n<link rel=\"canonical\" href=\"https:\/\/acoustique-conseil.com\/en\/logements-rue-de-la-croix-nivert-a-paris\/\" \/>\n<meta property=\"og:locale\" content=\"en_US\" \/>\n<meta property=\"og:type\" content=\"article\" \/>\n<meta property=\"og:title\" content=\"Logements rue de la Croix Nivert \u00e0 Paris - Acoustique &amp; Conseil\" \/>\n<meta property=\"og:description\" content=\"D\u00e9couvrez le projet des 131 logements sociaux et une cr\u00e8che collective rue de la Croix Nivert \u00e0 Paris, sur le site de l&#039;agence d&#039;architecture Ciel Rouge Cr\u00e9ation. Projet r\u00e9alis\u00e9 pour A&amp;C par Chiara Simeone.\" \/>\n<meta property=\"og:url\" content=\"https:\/\/acoustique-conseil.com\/en\/logements-rue-de-la-croix-nivert-a-paris\/\" \/>\n<meta property=\"og:site_name\" content=\"Acoustique &amp; Conseil\" \/>\n<meta property=\"article:published_time\" content=\"2013-08-01T08:19:00+00:00\" \/>\n<meta property=\"article:modified_time\" content=\"2025-04-28T13:28:36+00:00\" \/>\n<meta property=\"og:image\" content=\"https:\/\/acoustique-conseil.com\/wp-content\/uploads\/2024\/10\/croix_nivert_mini_1.jpg\" \/>\n\t<meta property=\"og:image:width\" content=\"512\" \/>\n\t<meta property=\"og:image:height\" content=\"512\" \/>\n\t<meta property=\"og:image:type\" content=\"image\/jpeg\" \/>\n<meta name=\"author\" content=\"WeAreBlow\" \/>\n<meta name=\"twitter:card\" content=\"summary_large_image\" \/>\n<meta name=\"twitter:label1\" content=\"Written by\" \/>\n\t<meta name=\"twitter:data1\" content=\"WeAreBlow\" \/>\n\t<meta name=\"twitter:label2\" content=\"Est. reading time\" \/>\n\t<meta name=\"twitter:data2\" content=\"1 minute\" \/>\n<script type=\"application\/ld+json\" class=\"yoast-schema-graph\">{\"@context\":\"https:\\\/\\\/schema.org\",\"@graph\":[{\"@type\":\"Article\",\"@id\":\"https:\\\/\\\/acoustique-conseil.com\\\/en\\\/logements-rue-de-la-croix-nivert-a-paris\\\/#article\",\"isPartOf\":{\"@id\":\"https:\\\/\\\/acoustique-conseil.com\\\/en\\\/logements-rue-de-la-croix-nivert-a-paris\\\/\"},\"author\":{\"name\":\"WeAreBlow\",\"@id\":\"https:\\\/\\\/acoustique-conseil.com\\\/en\\\/#\\\/schema\\\/person\\\/a46440b6454d8f5dc0c443e1471dad5c\"},\"headline\":\"Logements rue de la Croix Nivert \u00e0 Paris\",\"datePublished\":\"2013-08-01T08:19:00+00:00\",\"dateModified\":\"2025-04-28T13:28:36+00:00\",\"mainEntityOfPage\":{\"@id\":\"https:\\\/\\\/acoustique-conseil.com\\\/en\\\/logements-rue-de-la-croix-nivert-a-paris\\\/\"},\"wordCount\":392,\"image\":{\"@id\":\"https:\\\/\\\/acoustique-conseil.com\\\/en\\\/logements-rue-de-la-croix-nivert-a-paris\\\/#primaryimage\"},\"thumbnailUrl\":\"https:\\\/\\\/acoustique-conseil.com\\\/wp-content\\\/uploads\\\/2024\\\/10\\\/croix_nivert_mini_1.jpg\",\"articleSection\":[\"Actualit\u00e9s\"],\"inLanguage\":\"en-US\"},{\"@type\":\"WebPage\",\"@id\":\"https:\\\/\\\/acoustique-conseil.com\\\/en\\\/logements-rue-de-la-croix-nivert-a-paris\\\/\",\"url\":\"https:\\\/\\\/acoustique-conseil.com\\\/en\\\/logements-rue-de-la-croix-nivert-a-paris\\\/\",\"name\":\"Logements rue de la Croix Nivert \u00e0 Paris - Acoustique &amp; Conseil\",\"isPartOf\":{\"@id\":\"https:\\\/\\\/acoustique-conseil.com\\\/en\\\/#website\"},\"primaryImageOfPage\":{\"@id\":\"https:\\\/\\\/acoustique-conseil.com\\\/en\\\/logements-rue-de-la-croix-nivert-a-paris\\\/#primaryimage\"},\"image\":{\"@id\":\"https:\\\/\\\/acoustique-conseil.com\\\/en\\\/logements-rue-de-la-croix-nivert-a-paris\\\/#primaryimage\"},\"thumbnailUrl\":\"https:\\\/\\\/acoustique-conseil.com\\\/wp-content\\\/uploads\\\/2024\\\/10\\\/croix_nivert_mini_1.jpg\",\"datePublished\":\"2013-08-01T08:19:00+00:00\",\"dateModified\":\"2025-04-28T13:28:36+00:00\",\"author\":{\"@id\":\"https:\\\/\\\/acoustique-conseil.com\\\/en\\\/#\\\/schema\\\/person\\\/a46440b6454d8f5dc0c443e1471dad5c\"},\"description\":\"D\u00e9couvrez le projet des 131 logements sociaux et une cr\u00e8che collective rue de la Croix Nivert \u00e0 Paris, sur le site de l'agence d'architecture Ciel Rouge Cr\u00e9ation. Projet r\u00e9alis\u00e9 pour A&C par Chiara Simeone.\",\"breadcrumb\":{\"@id\":\"https:\\\/\\\/acoustique-conseil.com\\\/en\\\/logements-rue-de-la-croix-nivert-a-paris\\\/#breadcrumb\"},\"inLanguage\":\"en-US\",\"potentialAction\":[{\"@type\":\"ReadAction\",\"target\":[\"https:\\\/\\\/acoustique-conseil.com\\\/en\\\/logements-rue-de-la-croix-nivert-a-paris\\\/\"]}]},{\"@type\":\"ImageObject\",\"inLanguage\":\"en-US\",\"@id\":\"https:\\\/\\\/acoustique-conseil.com\\\/en\\\/logements-rue-de-la-croix-nivert-a-paris\\\/#primaryimage\",\"url\":\"https:\\\/\\\/acoustique-conseil.com\\\/wp-content\\\/uploads\\\/2024\\\/10\\\/croix_nivert_mini_1.jpg\",\"contentUrl\":\"https:\\\/\\\/acoustique-conseil.com\\\/wp-content\\\/uploads\\\/2024\\\/10\\\/croix_nivert_mini_1.jpg\",\"width\":512,\"height\":512},{\"@type\":\"BreadcrumbList\",\"@id\":\"https:\\\/\\\/acoustique-conseil.com\\\/en\\\/logements-rue-de-la-croix-nivert-a-paris\\\/#breadcrumb\",\"itemListElement\":[{\"@type\":\"ListItem\",\"position\":1,\"name\":\"Accueil\",\"item\":\"https:\\\/\\\/acoustique-conseil.com\\\/en\\\/\"},{\"@type\":\"ListItem\",\"position\":2,\"name\":\"Actualit\u00e9s\",\"item\":\"https:\\\/\\\/acoustique-conseil.com\\\/en\\\/category\\\/actualites-en\\\/\"},{\"@type\":\"ListItem\",\"position\":3,\"name\":\"Logements rue de la Croix Nivert \u00e0 Paris\"}]},{\"@type\":\"WebSite\",\"@id\":\"https:\\\/\\\/acoustique-conseil.com\\\/en\\\/#website\",\"url\":\"https:\\\/\\\/acoustique-conseil.com\\\/en\\\/\",\"name\":\"Acoustique &amp; Conseil\",\"description\":\"Bureau d&#039;\u00e9tude en acoustique et vibrations\",\"potentialAction\":[{\"@type\":\"SearchAction\",\"target\":{\"@type\":\"EntryPoint\",\"urlTemplate\":\"https:\\\/\\\/acoustique-conseil.com\\\/en\\\/?s={search_term_string}\"},\"query-input\":{\"@type\":\"PropertyValueSpecification\",\"valueRequired\":true,\"valueName\":\"search_term_string\"}}],\"inLanguage\":\"en-US\"},{\"@type\":\"Person\",\"@id\":\"https:\\\/\\\/acoustique-conseil.com\\\/en\\\/#\\\/schema\\\/person\\\/a46440b6454d8f5dc0c443e1471dad5c\",\"name\":\"WeAreBlow\",\"image\":{\"@type\":\"ImageObject\",\"inLanguage\":\"en-US\",\"@id\":\"https:\\\/\\\/secure.gravatar.com\\\/avatar\\\/4fe45c4c426fb5aa4064d00ab9add0ae2ca6ed3b17aeb23f05d9f8cd81f0f6c8?s=96&d=mm&r=g\",\"url\":\"https:\\\/\\\/secure.gravatar.com\\\/avatar\\\/4fe45c4c426fb5aa4064d00ab9add0ae2ca6ed3b17aeb23f05d9f8cd81f0f6c8?s=96&d=mm&r=g\",\"contentUrl\":\"https:\\\/\\\/secure.gravatar.com\\\/avatar\\\/4fe45c4c426fb5aa4064d00ab9add0ae2ca6ed3b17aeb23f05d9f8cd81f0f6c8?s=96&d=mm&r=g\",\"caption\":\"WeAreBlow\"},\"sameAs\":[\"https:\\\/\\\/acoustique-conseil.com\"]}]}<\/script>\n<!-- \/ Yoast SEO plugin. -->","yoast_head_json":{"title":"Logements rue de la Croix Nivert \u00e0 Paris - Acoustique &amp; Conseil","description":"D\u00e9couvrez le projet des 131 logements sociaux et une cr\u00e8che collective rue de la Croix Nivert \u00e0 Paris, sur le site de l'agence d'architecture Ciel Rouge Cr\u00e9ation. Projet r\u00e9alis\u00e9 pour A&C par Chiara Simeone.","robots":{"index":"index","follow":"follow","max-snippet":"max-snippet:-1","max-image-preview":"max-image-preview:large","max-video-preview":"max-video-preview:-1"},"canonical":"https:\/\/acoustique-conseil.com\/en\/logements-rue-de-la-croix-nivert-a-paris\/","og_locale":"en_US","og_type":"article","og_title":"Logements rue de la Croix Nivert \u00e0 Paris - Acoustique &amp; Conseil","og_description":"D\u00e9couvrez le projet des 131 logements sociaux et une cr\u00e8che collective rue de la Croix Nivert \u00e0 Paris, sur le site de l'agence d'architecture Ciel Rouge Cr\u00e9ation. Projet r\u00e9alis\u00e9 pour A&C par Chiara Simeone.","og_url":"https:\/\/acoustique-conseil.com\/en\/logements-rue-de-la-croix-nivert-a-paris\/","og_site_name":"Acoustique &amp; Conseil","article_published_time":"2013-08-01T08:19:00+00:00","article_modified_time":"2025-04-28T13:28:36+00:00","og_image":[{"width":512,"height":512,"url":"https:\/\/acoustique-conseil.com\/wp-content\/uploads\/2024\/10\/croix_nivert_mini_1.jpg","type":"image\/jpeg"}],"author":"WeAreBlow","twitter_card":"summary_large_image","twitter_misc":{"Written by":"WeAreBlow","Est. reading time":"1 minute"},"schema":{"@context":"https:\/\/schema.org","@graph":[{"@type":"Article","@id":"https:\/\/acoustique-conseil.com\/en\/logements-rue-de-la-croix-nivert-a-paris\/#article","isPartOf":{"@id":"https:\/\/acoustique-conseil.com\/en\/logements-rue-de-la-croix-nivert-a-paris\/"},"author":{"name":"WeAreBlow","@id":"https:\/\/acoustique-conseil.com\/en\/#\/schema\/person\/a46440b6454d8f5dc0c443e1471dad5c"},"headline":"Logements rue de la Croix Nivert \u00e0 Paris","datePublished":"2013-08-01T08:19:00+00:00","dateModified":"2025-04-28T13:28:36+00:00","mainEntityOfPage":{"@id":"https:\/\/acoustique-conseil.com\/en\/logements-rue-de-la-croix-nivert-a-paris\/"},"wordCount":392,"image":{"@id":"https:\/\/acoustique-conseil.com\/en\/logements-rue-de-la-croix-nivert-a-paris\/#primaryimage"},"thumbnailUrl":"https:\/\/acoustique-conseil.com\/wp-content\/uploads\/2024\/10\/croix_nivert_mini_1.jpg","articleSection":["Actualit\u00e9s"],"inLanguage":"en-US"},{"@type":"WebPage","@id":"https:\/\/acoustique-conseil.com\/en\/logements-rue-de-la-croix-nivert-a-paris\/","url":"https:\/\/acoustique-conseil.com\/en\/logements-rue-de-la-croix-nivert-a-paris\/","name":"Logements rue de la Croix Nivert \u00e0 Paris - Acoustique &amp; Conseil","isPartOf":{"@id":"https:\/\/acoustique-conseil.com\/en\/#website"},"primaryImageOfPage":{"@id":"https:\/\/acoustique-conseil.com\/en\/logements-rue-de-la-croix-nivert-a-paris\/#primaryimage"},"image":{"@id":"https:\/\/acoustique-conseil.com\/en\/logements-rue-de-la-croix-nivert-a-paris\/#primaryimage"},"thumbnailUrl":"https:\/\/acoustique-conseil.com\/wp-content\/uploads\/2024\/10\/croix_nivert_mini_1.jpg","datePublished":"2013-08-01T08:19:00+00:00","dateModified":"2025-04-28T13:28:36+00:00","author":{"@id":"https:\/\/acoustique-conseil.com\/en\/#\/schema\/person\/a46440b6454d8f5dc0c443e1471dad5c"},"description":"D\u00e9couvrez le projet des 131 logements sociaux et une cr\u00e8che collective rue de la Croix Nivert \u00e0 Paris, sur le site de l'agence d'architecture Ciel Rouge Cr\u00e9ation. Projet r\u00e9alis\u00e9 pour A&C par Chiara Simeone.","breadcrumb":{"@id":"https:\/\/acoustique-conseil.com\/en\/logements-rue-de-la-croix-nivert-a-paris\/#breadcrumb"},"inLanguage":"en-US","potentialAction":[{"@type":"ReadAction","target":["https:\/\/acoustique-conseil.com\/en\/logements-rue-de-la-croix-nivert-a-paris\/"]}]},{"@type":"ImageObject","inLanguage":"en-US","@id":"https:\/\/acoustique-conseil.com\/en\/logements-rue-de-la-croix-nivert-a-paris\/#primaryimage","url":"https:\/\/acoustique-conseil.com\/wp-content\/uploads\/2024\/10\/croix_nivert_mini_1.jpg","contentUrl":"https:\/\/acoustique-conseil.com\/wp-content\/uploads\/2024\/10\/croix_nivert_mini_1.jpg","width":512,"height":512},{"@type":"BreadcrumbList","@id":"https:\/\/acoustique-conseil.com\/en\/logements-rue-de-la-croix-nivert-a-paris\/#breadcrumb","itemListElement":[{"@type":"ListItem","position":1,"name":"Accueil","item":"https:\/\/acoustique-conseil.com\/en\/"},{"@type":"ListItem","position":2,"name":"Actualit\u00e9s","item":"https:\/\/acoustique-conseil.com\/en\/category\/actualites-en\/"},{"@type":"ListItem","position":3,"name":"Logements rue de la Croix Nivert \u00e0 Paris"}]},{"@type":"WebSite","@id":"https:\/\/acoustique-conseil.com\/en\/#website","url":"https:\/\/acoustique-conseil.com\/en\/","name":"Acoustique &amp; Conseil","description":"Bureau d&#039;\u00e9tude en acoustique et vibrations","potentialAction":[{"@type":"SearchAction","target":{"@type":"EntryPoint","urlTemplate":"https:\/\/acoustique-conseil.com\/en\/?s={search_term_string}"},"query-input":{"@type":"PropertyValueSpecification","valueRequired":true,"valueName":"search_term_string"}}],"inLanguage":"en-US"},{"@type":"Person","@id":"https:\/\/acoustique-conseil.com\/en\/#\/schema\/person\/a46440b6454d8f5dc0c443e1471dad5c","name":"WeAreBlow","image":{"@type":"ImageObject","inLanguage":"en-US","@id":"https:\/\/secure.gravatar.com\/avatar\/4fe45c4c426fb5aa4064d00ab9add0ae2ca6ed3b17aeb23f05d9f8cd81f0f6c8?s=96&d=mm&r=g","url":"https:\/\/secure.gravatar.com\/avatar\/4fe45c4c426fb5aa4064d00ab9add0ae2ca6ed3b17aeb23f05d9f8cd81f0f6c8?s=96&d=mm&r=g","contentUrl":"https:\/\/secure.gravatar.com\/avatar\/4fe45c4c426fb5aa4064d00ab9add0ae2ca6ed3b17aeb23f05d9f8cd81f0f6c8?s=96&d=mm&r=g","caption":"WeAreBlow"},"sameAs":["https:\/\/acoustique-conseil.com"]}]}},"_links":{"self":[{"href":"https:\/\/acoustique-conseil.com\/en\/wp-json\/wp\/v2\/posts\/6951","targetHints":{"allow":["GET"]}}],"collection":[{"href":"https:\/\/acoustique-conseil.com\/en\/wp-json\/wp\/v2\/posts"}],"about":[{"href":"https:\/\/acoustique-conseil.com\/en\/wp-json\/wp\/v2\/types\/post"}],"author":[{"embeddable":true,"href":"https:\/\/acoustique-conseil.com\/en\/wp-json\/wp\/v2\/users\/2"}],"replies":[{"embeddable":true,"href":"https:\/\/acoustique-conseil.com\/en\/wp-json\/wp\/v2\/comments?post=6951"}],"version-history":[{"count":1,"href":"https:\/\/acoustique-conseil.com\/en\/wp-json\/wp\/v2\/posts\/6951\/revisions"}],"predecessor-version":[{"id":6953,"href":"https:\/\/acoustique-conseil.com\/en\/wp-json\/wp\/v2\/posts\/6951\/revisions\/6953"}],"wp:featuredmedia":[{"embeddable":true,"href":"https:\/\/acoustique-conseil.com\/en\/wp-json\/wp\/v2\/media\/5958"}],"wp:attachment":[{"href":"https:\/\/acoustique-conseil.com\/en\/wp-json\/wp\/v2\/media?parent=6951"}],"wp:term":[{"taxonomy":"category","embeddable":true,"href":"https:\/\/acoustique-conseil.com\/en\/wp-json\/wp\/v2\/categories?post=6951"},{"taxonomy":"post_tag","embeddable":true,"href":"https:\/\/acoustique-conseil.com\/en\/wp-json\/wp\/v2\/tags?post=6951"}],"curies":[{"name":"wp","href":"https:\/\/api.w.org\/{rel}","templated":true}]}}